{"id":1009,"date":"2020-09-20T11:41:12","date_gmt":"2020-09-20T11:41:12","guid":{"rendered":"http:\/\/www.tuimagenweb.com.co\/blogs\/?p=1009"},"modified":"2020-09-19T20:57:30","modified_gmt":"2020-09-19T20:57:30","slug":"rencontre-vigan","status":"publish","type":"post","link":"http:\/\/www.tuimagenweb.com.co\/blogs\/2020\/09\/20\/rencontre-vigan\/","title":{"rendered":"Rencontre Vigan"},"content":{"rendered":"<p>Les Fran\u00e7ais pourront circuler librement, sans attestation, dans leur d\u00e9partement. Peu importe que ce d\u00e9partement soit class\u00e9 vert ou rouge. : les textes sont disponibles sous ; dautres conditions peuvent sappliquer. Voyez les pour plus de d\u00e9tails, ainsi que les. En cas de r\u00e9utilisation des textes de cette page, voyez  2. Identification des besoins qui demandent une solution technologique Delphine de Vigan-La Grande Sophie, histoire dune rencontre Claire Burger a r\u00e9alis\u00e9 sur le naufrage dun homme, plein de bonne volont\u00e9 et qui ne sait pas comment faire face comme mari d\u00e9laiss\u00e9 et comme p\u00e8re, un film sensible et bouleversant. Et Bouli Lanners est formidable dans le r\u00f4le. Je suis sympathique, joyeux, de bonne humeur, simple. Jaime la vie et tout ce qui va avec. Je recherche une personne simple, de bonne humeur, joyeuse, sympathique qui croque la vie comme jaime, sans prises de t\u00eate, sans complexe. Viva la vida. R\u00e9gion: Loeuvre int\u00e9grale annot\u00e9e : Enfant pr\u00e9coce, Lou Bertignac a treize ans et deux classes davance. En d\u00e9calage avec les lyc\u00e9ens qui lentourent, elle s\u00e9vade par des lectures, des exp\u00e9riences fantaisistes, et r\u00eave dune grande amiti\u00e9. Cest alors que sa route croise celle de Nolwenn, une jeune fille \u00e0 peine plus \u00e2g\u00e9e quelle mais sans abri. Cette rencontre va changer sa vie. Dossier th\u00e9matique : la rencontre par Renaud Pezon-Biographie de lauteur, histoire de loeuvre-La rencontre et la d\u00e9couverte de lamiti\u00e9-<img decoding=\"async\" src=\"http:\/\/www.culture.allier.fr\/uploads\/Image\/a4\/20321_078_montage-presse.jpg\" alt=\"rencontre vigan\" align=\"right\">  <img decoding=\"async\" src=\"http:\/\/www.furet.com\/cafe\/wp-content\/uploads\/2017\/12\/affiche-Reves-de-lecture.jpg\" alt=\"rencontre vigan\" align=\"left\"> Petite pr\u00e9sentation de ma personne, je mappelle Maxime 26 ans pour 63 kg 1m68, yeux noisettes et cheveux bruns roux \u00e0 bient\u00f4t R\u00e9gion: Cest une r\u00e9alisatrice, sc\u00e9nariste et romanci\u00e8re depuis Jours sans faim en 2001. Un plan dattaque qui finalement ne marche pas. Parce que la vie nest pas si Vous semblez tr\u00e8s r\u00e9aliste dans vos r\u00e9ponses alors Venez partager cet \u00e9v\u00e9nement organis\u00e9 pour vous, rencontrer les administrateurs de votre Caisse locale et les dirigeants de votre banque, vous informer de son actualit\u00e9. Vous b\u00e9n\u00e9ficierez dune intervention sur lassociation Atout Jeune par Beno\u00eet Fache, son pr\u00e9sident.  Mais lenvie de vous revoir autour de propositions artistiques reste intacte. Nous cherchons des solutions pour imaginer la prochaine saison.  La devise de Melvin cest servir. Sportif et pompier volontaire, cest au cours dun tour du monde de neuf mois, apr\u00e8s luniversit\u00e9, quil est confront\u00e9 aux d\u00e9g\u00e2ts du changement climatique. Depuis, quune envie : agir et vite! D\u00e9bordant d\u00e9nergie, il est heureux de la mettre au service dEtikaMondo pour joindre le discours \u00e0 laction et vivre une exp\u00e9rience de groupe hors du commun. On pourrait le croire, mais nos vies sont tellement bouscul\u00e9es. Beaucoup damis autour de moi ont du mal \u00e0 lire. Il ny a que ma merveilleuse tante de 85 ans qui d\u00e9vore livre sur livre, mais elle a un moral dacier. Cest peut-\u00eatre li\u00e9 \u00e0 \u00e7a aussi. Je ladmire beaucoup. Dans ce confinement, je pense que les gens nont pas lu tant que \u00e7a. Jesp\u00e8re que nos livres seront lus quand nos lecteurs auront le droit de partir en vacances. Bonjour, Mon enfant est en TPS et est scolaris\u00e9 dans une \u00e9cole qui est actuellement ferm\u00e9e. La ma\u00eetresse nous a <img decoding=\"async\" src=\"http:\/\/p2.storage.canalblog.com\/20\/11\/237369\/79774550_o.jpg\" alt=\"rencontre vigan\" align=\"center\"> 16 Il y a dans votre roman beaucoup de po\u00e9sie, dans le regard sur le monde, la r\u00e9f\u00e9rence \u00e0 Le Cl\u00e9zio, au Petit Prince; pensez-vous que nous ne savons pas assez \u00e9couter, regarder, apprivoiser, apprendre \u00e0 conna\u00eetre lautre, le monde? Dans une Italie domin\u00e9e par le discours de rejet et dintol\u00e9rance de son ministre de lint\u00e9rieur vis \u00e0 vis des migrants, Palerme avec quelques rares autres..<\/p>\n","protected":false},"excerpt":{"rendered":"<p>rencontre vigan<\/p>\n","protected":false},"author":1,"featured_media":0,"comment_status":"closed","ping_status":"closed","sticky":false,"template":"","format":"standard","meta":{"footnotes":""},"categories":[1],"tags":[],"_links":{"self":[{"href":"http:\/\/www.tuimagenweb.com.co\/blogs\/wp-json\/wp\/v2\/posts\/1009"}],"collection":[{"href":"http:\/\/www.tuimagenweb.com.co\/blogs\/wp-json\/wp\/v2\/posts"}],"about":[{"href":"http:\/\/www.tuimagenweb.com.co\/blogs\/wp-json\/wp\/v2\/types\/post"}],"author":[{"embeddable":true,"href":"http:\/\/www.tuimagenweb.com.co\/blogs\/wp-json\/wp\/v2\/users\/1"}],"replies":[{"embeddable":true,"href":"http:\/\/www.tuimagenweb.com.co\/blogs\/wp-json\/wp\/v2\/comments?post=1009"}],"version-history":[{"count":1,"href":"http:\/\/www.tuimagenweb.com.co\/blogs\/wp-json\/wp\/v2\/posts\/1009\/revisions"}],"predecessor-version":[{"id":1010,"href":"http:\/\/www.tuimagenweb.com.co\/blogs\/wp-json\/wp\/v2\/posts\/1009\/revisions\/1010"}],"wp:attachment":[{"href":"http:\/\/www.tuimagenweb.com.co\/blogs\/wp-json\/wp\/v2\/media?parent=1009"}],"wp:term":[{"taxonomy":"category","embeddable":true,"href":"http:\/\/www.tuimagenweb.com.co\/blogs\/wp-json\/wp\/v2\/categories?post=1009"},{"taxonomy":"post_tag","embeddable":true,"href":"http:\/\/www.tuimagenweb.com.co\/blogs\/wp-json\/wp\/v2\/tags?post=1009"}],"curies":[{"name":"wp","href":"https:\/\/api.w.org\/{rel}","templated":true}]}}