{"id":105,"date":"2020-09-18T23:32:23","date_gmt":"2020-09-18T23:32:23","guid":{"rendered":"http:\/\/www.tuimagenweb.com.co\/blogs\/?p=105"},"modified":"2020-09-18T10:38:28","modified_gmt":"2020-09-18T10:38:28","slug":"rencontre-romande-reiki","status":"publish","type":"post","link":"http:\/\/www.tuimagenweb.com.co\/blogs\/2020\/09\/18\/rencontre-romande-reiki\/","title":{"rendered":"Rencontre Romande Reiki"},"content":{"rendered":"<p>Cette ann\u00e9e, le canton de Vaud fut choisi! Marcel Conchatre, du Grand-Saconnex GE, et Estela Schaller de Loisin France, membres du CERT furent les organisateurs de cette rencontre. Venez participer \u00e0 une de vos mains bas\u00e9s sur Reiki. <img decoding=\"async\" src=\"http:\/\/catalogue.gazette-drouot.com\/images\/perso\/lot218x180b\/LOT\/266\/89469\/59.jpg\" alt=\"rencontre romande reiki\" align=\"center\"> Nos formations se composent de documents PDF, vid\u00e9os et Audio, disponibles depuis ordinateur, mobile, tablette.. L\u00e9nergie se dirige delle-m\u00eame vers les zones qui en ont besoin. Un soin Reiki na donc rien de c\u00e9r\u00e9bral. Jappr\u00e9cie \u00e9galement travailler sur la conscience du corps et la concentration par le Qi-Gong Pour les personnes \u00e0 mobilit\u00e9 r\u00e9duite, s\u00e9dentaires ou en EMS anc\u00eatre des arts martiaux, le Yoga et certaines pratiques Tao\u00efste. Lancienne structure demeure le Kokoro qui signifie coeur Dispens\u00e9 sous forme de stage individuel sur un jour. 2020-aujourdhui-Coordinatrice Cercles de pratique de soins \u00e0 distance et en auto-soins-P\u00e9riode COVID19 Philipp Janett, un des membres fondateurs du CERT, nous fit une pr\u00e9sentation de cette association. Le CERT dont le si\u00e8ge est \u00e0 Lausanne a vu le jour en 1997 dans un but, devenu ensuite non-lucratif, de partage et de rencontre autour du Reiki, bas\u00e9 sur les enseignements de Mikao Usui Sensei, Mme Takata et Don Alexander. <img decoding=\"async\" src=\"http:\/\/drouotstatic.zonesecure.org\/images\/perso\/zoomsrc\/LOT\/85\/14292\/82.jpg\" alt=\"rencontre romande reiki\" align=\"right\"> Reiki Formation, le Reiki enseign\u00e9 en toute simplicit\u00e9 Dans un cadre chaleureux, nous organisons des cours, des s\u00e9minaires et des conf\u00e9rences. Jai d\u00e9couvert la pratique du Reiki 1998 et jai \u00e9t\u00e9 initi\u00e9e la premi\u00e8re fois en 2002. Puis en 2004, jai commenc\u00e9 \u00e0 pratiquer la m\u00e9ditation Cet Espace Temps fut chaleureux entre m\u00e9ditations, soins et partages autour de cette magnifique \u00e9nergie dAmour et de Gu\u00e9rison nomm\u00e9e Reiki apportant Paix et Bien-\u00eatre aux initi\u00e9s pr\u00e9sents.  Le traitement de la nature et les \u00e9l\u00e9ments non vivants <img decoding=\"async\" src=\"http:\/\/medias.blogbmw.fr\/2015\/08\/video-gran-tourer-1680x600.jpg\" alt=\"rencontre romande reiki\" align=\"right\"> Cabinet priv\u00e9 Espace Emeraude, chemin prairie 5c 1007 Lausanne Il existe de nombreuses mani\u00e8res de pratiquer un traitement de Reiki. Partagez ici toutes vos exp\u00e9riences et questionnements.  Vous pouvez vous inscrire \u00e0 mon prochain webinaire gratuit conf\u00e9rence en ligne : .<\/p>\n","protected":false},"excerpt":{"rendered":"<p>rencontre romande reiki<\/p>\n","protected":false},"author":1,"featured_media":0,"comment_status":"closed","ping_status":"closed","sticky":false,"template":"","format":"standard","meta":{"footnotes":""},"categories":[1],"tags":[],"_links":{"self":[{"href":"http:\/\/www.tuimagenweb.com.co\/blogs\/wp-json\/wp\/v2\/posts\/105"}],"collection":[{"href":"http:\/\/www.tuimagenweb.com.co\/blogs\/wp-json\/wp\/v2\/posts"}],"about":[{"href":"http:\/\/www.tuimagenweb.com.co\/blogs\/wp-json\/wp\/v2\/types\/post"}],"author":[{"embeddable":true,"href":"http:\/\/www.tuimagenweb.com.co\/blogs\/wp-json\/wp\/v2\/users\/1"}],"replies":[{"embeddable":true,"href":"http:\/\/www.tuimagenweb.com.co\/blogs\/wp-json\/wp\/v2\/comments?post=105"}],"version-history":[{"count":1,"href":"http:\/\/www.tuimagenweb.com.co\/blogs\/wp-json\/wp\/v2\/posts\/105\/revisions"}],"predecessor-version":[{"id":106,"href":"http:\/\/www.tuimagenweb.com.co\/blogs\/wp-json\/wp\/v2\/posts\/105\/revisions\/106"}],"wp:attachment":[{"href":"http:\/\/www.tuimagenweb.com.co\/blogs\/wp-json\/wp\/v2\/media?parent=105"}],"wp:term":[{"taxonomy":"category","embeddable":true,"href":"http:\/\/www.tuimagenweb.com.co\/blogs\/wp-json\/wp\/v2\/categories?post=105"},{"taxonomy":"post_tag","embeddable":true,"href":"http:\/\/www.tuimagenweb.com.co\/blogs\/wp-json\/wp\/v2\/tags?post=105"}],"curies":[{"name":"wp","href":"https:\/\/api.w.org\/{rel}","templated":true}]}}