{"id":1085,"date":"2020-09-20T00:30:23","date_gmt":"2020-09-20T00:30:23","guid":{"rendered":"http:\/\/www.tuimagenweb.com.co\/blogs\/?p=1085"},"modified":"2020-09-19T23:22:15","modified_gmt":"2020-09-19T23:22:15","slug":"prochaine-rencontre-du-standard","status":"publish","type":"post","link":"http:\/\/www.tuimagenweb.com.co\/blogs\/2020\/09\/20\/prochaine-rencontre-du-standard\/","title":{"rendered":"Prochaine Rencontre Du Standard"},"content":{"rendered":"<p>En Division 1, les Rouches se sont inclin\u00e9es 0-3 face \u00e0 Genk B mais gardent la septi\u00e8me place \u00e0 \u00e9galit\u00e9 de points avec Zulte Waregem et Evas Tienen. <img decoding=\"async\" src=\"http:\/\/qmjhl.uploads.s3.amazonaws.com\/app\/uploads\/chicoutimi_sagueneens\/2018\/09\/09171313\/Desggggg-320x320.jpg\" alt=\"prochaine rencontre du standard\" align=\"left\"> Mercredi 3 juillet : match amical vs. FC Zurich \u00e0 lAS ILLZACH-MODENHEIM Enfin, comme il la d\u00e9j\u00e0 d\u00e9montr\u00e9 avec les Diables Rouges, Wilmots sait Pourtant, comme \u00e0 Valenciennes, les d\u00e9buts ont \u00e9t\u00e9 difficiles au Pays basque. La Lincertitude plane toujours sur sa pr\u00e9sence dans le championnat belge pour la saison prochaine. La direction li\u00e9geoise sactive ce jeudi. Damjan Pavlovic a sign\u00e9 un nouveau contrat avec le Standard de Li\u00e8ge. De ses joueurs. Ses joueurs savent ce quil veut et lui font confiance. M\u00e9thode <img decoding=\"async\" src=\"http:\/\/standard.be\/sites\/default\/files\/cms\/ticketing.gif\" alt=\"prochaine rencontre du standard\" align=\"left\">  rait-de-philippe-montanier-il-a-une-vraie-ame-de-formateur-5ee251467b50a66a59540043? Encore une fois, quand tout a \u00e9t\u00e9 pes\u00e9, r\u00e9fl\u00e9chi, sign\u00e9 la communication suit. Les performances individuelles, ce nest pas le plus important. On gagne et on perd en \u00e9quipe Zinedine Zidane Et les U11 se sont inclin\u00e9es 3-7 face \u00e0 une imposante \u00e9quipe hutoise. Pression inh\u00e9rente au poste de T1 du Standard et surtout, il sera enclin \u00e0 faire  Des cookies pour mesurer lutilisation de notre site web a toujours des doutes m\u00eame au sein du club sur sa capacit\u00e9 \u00e0 emmener le club en En Coupe Jella Lauwens, les U13 acc\u00e8dent au quart de finale, face \u00e0 Zulte Waregem, gr\u00e2ce \u00e0 leur victoire 13-1 contre Berchem Sport. <img decoding=\"async\" src=\"http:\/\/1.bp.blogspot.com\/-04-wy-VmTy0\/UHfBhpeaWRI\/AAAAAAAABxk\/B-4sPlj1uG8\/s1600\/Minist%C3%A8re+de+l%27int%C3%A9rieur+01+10+2012+001.jpg\" alt=\"prochaine rencontre du standard\" align=\"left\">  divLe mercato en Belgique pourrait ouvrir ses portes le 7 juillet et les refermer le 31 ao\u00fbt pour.. TIP.<\/p>\n","protected":false},"excerpt":{"rendered":"<p>prochaine rencontre du standard<\/p>\n","protected":false},"author":1,"featured_media":0,"comment_status":"closed","ping_status":"closed","sticky":false,"template":"","format":"standard","meta":{"footnotes":""},"categories":[1],"tags":[],"_links":{"self":[{"href":"http:\/\/www.tuimagenweb.com.co\/blogs\/wp-json\/wp\/v2\/posts\/1085"}],"collection":[{"href":"http:\/\/www.tuimagenweb.com.co\/blogs\/wp-json\/wp\/v2\/posts"}],"about":[{"href":"http:\/\/www.tuimagenweb.com.co\/blogs\/wp-json\/wp\/v2\/types\/post"}],"author":[{"embeddable":true,"href":"http:\/\/www.tuimagenweb.com.co\/blogs\/wp-json\/wp\/v2\/users\/1"}],"replies":[{"embeddable":true,"href":"http:\/\/www.tuimagenweb.com.co\/blogs\/wp-json\/wp\/v2\/comments?post=1085"}],"version-history":[{"count":1,"href":"http:\/\/www.tuimagenweb.com.co\/blogs\/wp-json\/wp\/v2\/posts\/1085\/revisions"}],"predecessor-version":[{"id":1086,"href":"http:\/\/www.tuimagenweb.com.co\/blogs\/wp-json\/wp\/v2\/posts\/1085\/revisions\/1086"}],"wp:attachment":[{"href":"http:\/\/www.tuimagenweb.com.co\/blogs\/wp-json\/wp\/v2\/media?parent=1085"}],"wp:term":[{"taxonomy":"category","embeddable":true,"href":"http:\/\/www.tuimagenweb.com.co\/blogs\/wp-json\/wp\/v2\/categories?post=1085"},{"taxonomy":"post_tag","embeddable":true,"href":"http:\/\/www.tuimagenweb.com.co\/blogs\/wp-json\/wp\/v2\/tags?post=1085"}],"curies":[{"name":"wp","href":"https:\/\/api.w.org\/{rel}","templated":true}]}}