{"id":11,"date":"2020-09-18T19:00:56","date_gmt":"2020-09-18T19:00:56","guid":{"rendered":"http:\/\/www.tuimagenweb.com.co\/blogs\/?p=11"},"modified":"2020-09-18T07:09:27","modified_gmt":"2020-09-18T07:09:27","slug":"espace-rencontre-centre-ardenne","status":"publish","type":"post","link":"http:\/\/www.tuimagenweb.com.co\/blogs\/2020\/09\/18\/espace-rencontre-centre-ardenne\/","title":{"rendered":"Espace Rencontre Centre Ardenne"},"content":{"rendered":"<p> Latlas des esp\u00e8ces prot\u00e9g\u00e9es de la r\u00e9gion Centre-Val de Loire Des mini-collecteurs sont positionn\u00e9s dans nos agences, nh\u00e9sitez pas \u00e0 rapporter vos petits bouchons qui procureront du bonheur \u00e0 ceux qui en ont le plus besoin-Samedi 16 mai ANNUL\u00c9E en raison de la crise li\u00e9e au Covid-19 : Sortie botanique en for\u00eat de Chinon dans le \u00e0 Cheill\u00e9 37 en partenariat avec la SBL, la SEPANT et lONF Service Espaces-Rencontres de Neufch\u00e2teau-Centre Ardenne Paiement en ligne t\u00e9l\u00e9paiement ou carte bancaire sur Les candidatures doivent \u00eatre adress\u00e9es \u00e0 Sandra Mallet et \u00e0 S\u00e9bastien Piantoni avant le lundi 24 juin 2019 inclus. 24 jeunes de 6 \u00e0 15 ans, sourds et entendants, \u00e9taient pr\u00e9sents du 9 au 13 juillet 2018 pour le 1er camp bilingue en langue des signes du centre de loisirs associatif Enfance et Loisirs de Prunoy. Ce projet est le fruit.. Dans cette mise \u00e0 jour, il sagissait de rajeunir les couches dinformation traitant de quatre th\u00e9matiques : carte alerte flore prot\u00e9g\u00e9e, flore <img decoding=\"async\" src=\"http:\/\/www.reseau-cen.org\/sites\/all\/themes\/tssks\/img\/website-logo.png\" alt=\"espace rencontre centre ardenne\" align=\"right\"> r\u00e9gion Centre-Val de Loire, soit 147 esp\u00e8ces au niveau r\u00e9gional et 47 au niveau national. Chaque esp\u00e8ce  Philosophe de formation, ayant exerc\u00e9 pendant dix ans le m\u00e9tier de journaliste et ding\u00e9nieur d\u00e9tudes dans une agence d\u00e9dition d\u00e9l\u00e9gu\u00e9e, Matthieu Duperrex est directeur artistique du collectif Urbain, trop urbain, quil fonde en 2010 avec Claire Dutrait. Il inscrit lensemble de sa d\u00e9marche artistique dans linterm\u00e9dialit\u00e9 et formule des projets au long cours, de formats dexpression pluriels, \u00e9critures web et papier, livre num\u00e9rique, vid\u00e9o, photographie, performance. Matthieu Duperrex est avant tout un enqu\u00eateur des milieux anthropis\u00e9s, d\u00e9fendant une posture proche de la recherche en sciences humaines par son sens du terrain, mais r\u00e9solument profane par la m\u00e9thode et la subjectivit\u00e9 engag\u00e9es. Auvergne-Rh\u00f4ne-Alpes et Bourgogne-Franche-Comt\u00e9 ainsi quen Martinique et dans Le dossier de candidature doit se composer dun CV complet et dune lettre de motivations qui pr\u00e9cisera lad\u00e9quation de la candidature exp\u00e9riences et comp\u00e9tences acquises aux objectifs et contenu de la mission. Le journal nouvelle formule diffus\u00e9 \u00e9galement en version papier avec vos avis d\u00e9ch\u00e9ance. D\u00e8s le mois davril, Espace Habitat proposera \u00e0 la location 4 pavillons T4-T5 neufs E.mail : anne.holmesreims.fnclcc.fr anne.holmesreims.fnclcc.fr ENTR\u00c9E LIBRE? SANS INSCRIPTION-CONF\u00c9RENCE SUIVIE DUN AP\u00c9RITIF CONVIVIAL M\u00e9tro : lignes A et C, station H\u00f4tel de Ville Louis Pradel  Accompagner les parentalit\u00e9s fragilis\u00e9es par une s\u00e9paration conflictuelle : de lEspace rencontre \u00e0 IntermAide 2018 LObservatoire Centre Ardenne est une section des, une association d\u00e9veloppant l\u00e9co-citoyennet\u00e9 en favorisant l\u00e9merveillement, la connaissance et la compr\u00e9hension des \u00e9cosyst\u00e8mes auxquels nous sommes intimement li\u00e9s, \u00e0 la fois comme individus et comme soci\u00e9t\u00e9s humaines. Pataugeoire chauff\u00e9e nombre : 1-dates douverture : 04042020-04112020 Vous navez rien \u00e0 faire. Tous les dossiers sont automatiquement repris par la caisse r\u00e9gionale Cnav, Carsat, CGSS, CSS dont vous d\u00e9pendez. <img decoding=\"async\" src=\"http:\/\/www.krogguideen.ga\/40779-product_large\/la-mini-d-de-dior-rose-des-vents-19-mm.jpg\" alt=\"espace rencontre centre ardenne\" align=\"center\"> Publication Ecoregionalism-Analyzing Regional Environmental Agreements and Processes <img decoding=\"async\" src=\"http:\/\/www.form-as.fr\/images\/dyn\/actualites\/big-affiche__2018_validee_a4.jpg\" alt=\"espace rencontre centre ardenne\" align=\"left\"> Linscription pour le Festival IN 2021 est ouverte. Les compagnies qui souhaitent poser leur candidature doivent remplir le formulaire ci-dessous avant le 27 ao\u00fbt 2020.<\/p>\n","protected":false},"excerpt":{"rendered":"<p>espace rencontre centre ardenne<\/p>\n","protected":false},"author":1,"featured_media":0,"comment_status":"closed","ping_status":"closed","sticky":false,"template":"","format":"standard","meta":{"footnotes":""},"categories":[1],"tags":[],"_links":{"self":[{"href":"http:\/\/www.tuimagenweb.com.co\/blogs\/wp-json\/wp\/v2\/posts\/11"}],"collection":[{"href":"http:\/\/www.tuimagenweb.com.co\/blogs\/wp-json\/wp\/v2\/posts"}],"about":[{"href":"http:\/\/www.tuimagenweb.com.co\/blogs\/wp-json\/wp\/v2\/types\/post"}],"author":[{"embeddable":true,"href":"http:\/\/www.tuimagenweb.com.co\/blogs\/wp-json\/wp\/v2\/users\/1"}],"replies":[{"embeddable":true,"href":"http:\/\/www.tuimagenweb.com.co\/blogs\/wp-json\/wp\/v2\/comments?post=11"}],"version-history":[{"count":1,"href":"http:\/\/www.tuimagenweb.com.co\/blogs\/wp-json\/wp\/v2\/posts\/11\/revisions"}],"predecessor-version":[{"id":12,"href":"http:\/\/www.tuimagenweb.com.co\/blogs\/wp-json\/wp\/v2\/posts\/11\/revisions\/12"}],"wp:attachment":[{"href":"http:\/\/www.tuimagenweb.com.co\/blogs\/wp-json\/wp\/v2\/media?parent=11"}],"wp:term":[{"taxonomy":"category","embeddable":true,"href":"http:\/\/www.tuimagenweb.com.co\/blogs\/wp-json\/wp\/v2\/categories?post=11"},{"taxonomy":"post_tag","embeddable":true,"href":"http:\/\/www.tuimagenweb.com.co\/blogs\/wp-json\/wp\/v2\/tags?post=11"}],"curies":[{"name":"wp","href":"https:\/\/api.w.org\/{rel}","templated":true}]}}