{"id":1167,"date":"2020-09-20T05:41:43","date_gmt":"2020-09-20T05:41:43","guid":{"rendered":"http:\/\/www.tuimagenweb.com.co\/blogs\/?p=1167"},"modified":"2020-09-20T01:47:16","modified_gmt":"2020-09-20T01:47:16","slug":"rencontres-des-arts-du-chemin","status":"publish","type":"post","link":"http:\/\/www.tuimagenweb.com.co\/blogs\/2020\/09\/20\/rencontres-des-arts-du-chemin\/","title":{"rendered":"Rencontres Des Arts Du Chemin"},"content":{"rendered":"<p>Progressivement, mais assez lentement. A partir du milieu des ann\u00e9es 1960, ses achats vont coller de plus en plus pr\u00e8s \u00e0 lavant-garde. Il ach\u00e8te, au d\u00e9but, des abstraits de troisi\u00e8me, quatri\u00e8me zone et puis, gr\u00e2ce \u00e0 Malraux, \u00e0 des galeristes, aux artistes eux-m\u00eames, il va faire son regard. Celui ci va devenir de plus en plus aigu, comme une sorte de sismographe qui enregistrerait les aventures et les hurlements des avant-gardes. Au fond, par Pompidou, on croise \u00e0 la fois ce quon va appeler lexpressionnisme abstrait, ou labstraction lyrique, des cin\u00e9tiques, le nouveau r\u00e9alisme, et m\u00eame ce quon a appel\u00e9 la nouvelle figuration, ou la figuration narrative. Il a collectionn\u00e9 des gens tr\u00e8s diff\u00e9rents, il ny a pas plus diff\u00e9rent par exemple que Dubuffet ou Pierre Soulages, ou que Vasarely et G\u00e9rard Deschamps. <img decoding=\"async\" src=\"http:\/\/arrasmedia.keeo.com\/192937_2.jpg\" alt=\"rencontres des arts du chemin\" align=\"left\">  This website is using a security service to protect itself from online attacks. The action you just performed triggered the security solution. There are several actions that could trigger this block including submitting a certain word or phrase, a SQL command or malformed data. Il ne viendra donc pas chercher son prix sur sc\u00e8ne et \u00e9crira une lettre au directeur du festival \u00e0 ce propos. Il nous en confiera le contenu : Jai \u00e9crit \u00e0 Thierry Fr\u00e9maux pour lui dire que c\u00e9tait une catastrophe.. Quand on donne le second prix \u00e0 quelquun, on ne cherche pas \u00e0 faire croire que cest le premier. Je crois que \u00e7a la f\u00e2ch\u00e9. Et puis, je lui ai \u00e9crit \u00e0 nouveau pour lui dire quil ne devait pas mal le prendre, car selon Rilke une catastrophe est la premi\u00e8re strophe dun po\u00e8me damour.. Mais bon, c\u00e9tait gentil quand m\u00eame de me donner cette Palme. Le film a \u00e9t\u00e9, semble-t-il, appr\u00e9ci\u00e9 par certains membres du jury, particuli\u00e8rement Cate Blanchett, je crois. C\u00e9tait gentil, mais ce n\u00e9tait pas n\u00e9cessaire. Godard tendre En 2003, le diagnostic de Parkinson me jette \u00e0 terre. Refusant la perspective de la d\u00e9pendance, je mets en oeuvre toutes mes ressources pour gu\u00e9rir plut\u00f4t que subir. En un sens, tout est illusoire et poss\u00e8de la nature du r\u00eave. Cest pour cela que vous ne devez jamais cesser dagir avec humour. Vous avez collabor\u00e9 de nombreuses fois avec des maisons telles que Miu Miu, Louis Vuitton ou encore Stella McCartney. Quels rapports entretenez-vous avec la mode? Pensez-vous avoir fait entrer le punk dans le milieu de la haute couture \u00e0 travers votre esth\u00e9tique? La balade commence peu apr\u00e8s le rond-point de Wardhurst, \u00e0 hauteur de la ferme Leclercq, au d\u00e9but de la rue Neuve qui, plus loin, deviendra Neuve-Rue en d\u00e9pit de son aspect train-car. Jaccompagne depuis pr\u00e8s de vingt ans les personnes dans laventure quest la sculpture sur pierre, autant denfants que dadultes, aussi bien des d\u00e9butants que des initi\u00e9s. Jaime beaucoup le <img decoding=\"async\" src=\"http:\/\/img.over-blog-kiwi.com\/1\/90\/15\/56\/20151116\/ob_ad90f9_chemin-des-vignes-1.jpg\" alt=\"rencontres des arts du chemin\" align=\"left\"> Plusieurs parents denfants autistes de Gatineau se retrouvent sans aucune aide cet \u00e9t\u00e9. Directeur du projet et de la programmation artistique LA D\u00e9PUBLICITARISATION EST EN BON CHEMIN, TROIS WEB-S\u00e9RIES POUR MIEUX COMPRENDRE Pour conclure ces journ\u00e9es si riches, nous nous sommes retrouv\u00e9s devant un panorama de photographies, autre manifestation artistique, portant t\u00e9moignage des d\u00e9couvertes pass\u00e9es. Dans un climat dynamique, nous nous sommes donn\u00e9 rendez-vous aux prochaines JEM 21 que nos amis du Groupe de Lille-Escaut pr\u00e9parent sur le th\u00e8me Ensemble, inventons un monde fraternel. Huile sur toile 132,4 151 cm Coll. Mus\u00e9e Fabre, Montpellier Mus\u00e9e Fabre de Montpellier M\u00e9diterran\u00e9e M\u00e9tropole photo Fr\u00e9d\u00e9ric Jaulmes Manger une glace chez La Glaci\u00e8re au bord du bassin de l\u00e9tang \u00e0 Cucuron, regarder les poissons rouges, voici un programme id\u00e9al pour les familles avant dadmirer les plus beaux paysages alentours : les couleurs et la lumi\u00e8re des courbes du Luberon diff\u00e9rentes selon les saisons, lentr\u00e9e de village de Cucuron, la vue du Mourre N\u00e8gre. Le festival accueille par ailleurs des artistes venus dautres pays et dautres cultures, afin de faire partager au plus grand nombre leurs univers artistiques. <img decoding=\"async\" src=\"http:\/\/www.clubdescollectionneursenartsvisuelsdequebec.com\/wp-content\/uploads\/2016\/02\/Club-Michel-Parent.jpg\" alt=\"rencontres des arts du chemin\" align=\"left\">  Editions Equateurs Cette vall\u00e9e, cest lautre bout..  Et si vous \u00eates dhumeur romantique, les champs de lavande du plateau des Clapar\u00e8des offrent un tableau parfait.<\/p>\n","protected":false},"excerpt":{"rendered":"<p>rencontres des arts du chemin<\/p>\n","protected":false},"author":1,"featured_media":0,"comment_status":"closed","ping_status":"closed","sticky":false,"template":"","format":"standard","meta":{"footnotes":""},"categories":[1],"tags":[],"_links":{"self":[{"href":"http:\/\/www.tuimagenweb.com.co\/blogs\/wp-json\/wp\/v2\/posts\/1167"}],"collection":[{"href":"http:\/\/www.tuimagenweb.com.co\/blogs\/wp-json\/wp\/v2\/posts"}],"about":[{"href":"http:\/\/www.tuimagenweb.com.co\/blogs\/wp-json\/wp\/v2\/types\/post"}],"author":[{"embeddable":true,"href":"http:\/\/www.tuimagenweb.com.co\/blogs\/wp-json\/wp\/v2\/users\/1"}],"replies":[{"embeddable":true,"href":"http:\/\/www.tuimagenweb.com.co\/blogs\/wp-json\/wp\/v2\/comments?post=1167"}],"version-history":[{"count":1,"href":"http:\/\/www.tuimagenweb.com.co\/blogs\/wp-json\/wp\/v2\/posts\/1167\/revisions"}],"predecessor-version":[{"id":1168,"href":"http:\/\/www.tuimagenweb.com.co\/blogs\/wp-json\/wp\/v2\/posts\/1167\/revisions\/1168"}],"wp:attachment":[{"href":"http:\/\/www.tuimagenweb.com.co\/blogs\/wp-json\/wp\/v2\/media?parent=1167"}],"wp:term":[{"taxonomy":"category","embeddable":true,"href":"http:\/\/www.tuimagenweb.com.co\/blogs\/wp-json\/wp\/v2\/categories?post=1167"},{"taxonomy":"post_tag","embeddable":true,"href":"http:\/\/www.tuimagenweb.com.co\/blogs\/wp-json\/wp\/v2\/tags?post=1167"}],"curies":[{"name":"wp","href":"https:\/\/api.w.org\/{rel}","templated":true}]}}