{"id":129,"date":"2020-09-18T23:43:39","date_gmt":"2020-09-18T23:43:39","guid":{"rendered":"http:\/\/www.tuimagenweb.com.co\/blogs\/?p=129"},"modified":"2020-09-18T11:56:34","modified_gmt":"2020-09-18T11:56:34","slug":"rencontre-chorale-ille-et-vilaine","status":"publish","type":"post","link":"http:\/\/www.tuimagenweb.com.co\/blogs\/2020\/09\/18\/rencontre-chorale-ille-et-vilaine\/","title":{"rendered":"Rencontre Chorale Ille Et Vilaine"},"content":{"rendered":"<p> Lien vers les photos de Battements de Choeurs 3 du samedi 8 f\u00e9vrier 2020 \u00e0 Chantepie: LEHPAD de Romill\u00e9, R\u00e9sidence Les Charmilles : Apr\u00e8s 3 heures deffort, les participants aid\u00e9s par la mairie et le conseil municipal des jeunes ont ramass\u00e9s 70 kg de d\u00e9chets. Le festival de musique de Saint-Briac, organis\u00e9 par lassociation Saint-Briac en musique a lieu tous les ans autours du 14 juillet, entre la salle des f\u00eates pour la rencontre des chorales et la place du centre pour les autres concerts. R\u00e9sidence Services Seniors Espace Vie Rennes-La Mabilais  <img decoding=\"async\" src=\"http:\/\/sertijfika.gq\/img\/upload\/Europe\/Finland\/General\/finland-25b.jpg\" alt=\"rencontre chorale ille et vilaine\" align=\"left\"> Mili Balakirev 1836-1910 Alexei Koltsov Je laimais Soliste Tinatin Tcmindashvili. Wolfgang Amateus Mozart-Cosi fan tutte, Aria une donna a quindici anni Soliste : Vigdis Perinnel. Vous avez plus de 18 ans et il vous est plus facile de vous lib\u00e9rer un dimanche par Le concert anniversaire des 30 ans de la FEPEM 35 \u00e0 la salle Andr\u00e9 Blot de La Bou\u00ebxi\u00e8re dimanche 28 f\u00e9vrier 2016. 2 r\u00e9sidents ont activement particip\u00e9 aux r\u00e9p\u00e9titions puis aux deux repr\u00e9sentations. Un grand merci \u00e0 tous les participants, le club et toutes les aides culinaires! Les cr\u00eapes et les g\u00e2teaux sont partis comme des petits pains! Sous un chapiteau de 400m avec un parquet de danse de 112m, install\u00e9 dans lenceinte du Fort de St P\u00e8re Marc en Poulet, vous serez transport\u00e9 au temps des Guinguettes dapr\u00e8s-guerre, lensemble de b\u00e9n\u00e9voles seront.. Master classestage trompette et cornet Le dimanche 2 octobre 2016 de 9h30 \u00e0 17h30 au Conservatoire \u00e0 Rayonnement Intercommunal du Pays de Redon. Encadrement: St\u00e9phane Michel de lOrchestre Symphonique de Bretagne Les p\u00eacheurs sont de sortie depuis larriv\u00e9e des beaux jours. D\u00e9but juin, un groupe de r\u00e9sidents est all\u00e9 \u00e0 Landujan pour essayer de taquiner le poisson mais surtout pour sortir dans la nature et prendre lair dans la bonne humeur Stage anim\u00e9 par Damien Tatard professeur daccord\u00e9on diatonique et de musique traditionnelle \u00e0 l\u00e9cole de musique traditionnelle Les Menhirs du Sel de Bretagne. Renconre avec Anne-Mari Kivi\u00e4ki et invitation \u00e0 son concert du samedi soir sur le site du Festival au Parc du Thabor de Rennes. La Chorale le Temps des Cerises, cr\u00e9\u00e9e en 1997 par lAmicale la\u00efque le Temps des Cerises, est compos\u00e9e de plus de 30 choristes. Des chants de luttes et despoir, damour et dhumour seront interpr\u00e9t\u00e9s avec toute la complicit\u00e9 des choristes, sous la direction de leur enthousiaste cheffe de ch\u0153ur B\u00e9n\u00e9dicte Flatet. Le samedi 20 juin dans le cadre de la f\u00eate de la musique \u00e0 BRUZ R\u00e9pertoires XX et XXIe s. Intervenantes Fran\u00e7oise Tettamanti et \u00c9l\u00e9onore Le Lamer. H\u00e9bergements \u00e0 proximit\u00e9 et restauration sur place possible. Travail par audition, accessible \u00e0 tous. Travail en pupitres et tutti. Fiche dinscription \u00e0 t\u00e9l\u00e9charger dans la rubrique Projets f\u00e9d\u00e9raux, Stages et formations Musique, Concert, Chorale-Chant, Culte et religion . Et justement, lengouement se fait sentir chez les jeunes, selon Goulven Airault, chef de choeur de la Ma\u00eetrise de Saint-Brieuc, qui compte 33 chanteurs et chanteuses \u00e2g\u00e9s de 11 \u00e0 15 ans : Ils sont motiv\u00e9s pour faire de la musique de qualit\u00e9 avec des r\u00e9pertoires ambitieux et cela leur apporte beaucoup. Cest une exp\u00e9rience qui les marque. En 2009, Vocalit\u00e9 est partie au Qu\u00e9bec avec des choristes de Caf\u00e9 Sucr\u00e9, La Perrinette <img decoding=\"async\" src=\"http:\/\/www.rogercomps.gq\/media\/catalog\/product\/cache\/5\/small_image\/400x\/9df78eab33525d08d6e5fb8d27136e95\/v\/i\/vitra_dsr_dar_dkr_kunststoffgleiter_schwarz_1_jpg.jpg_6.jpg\" alt=\"rencontre chorale ille et vilaine\" align=\"right\"> <img decoding=\"async\" src=\"http:\/\/www.collegemartinlutherking-liffre.ac-rennes.fr\/sites\/collegemartinlutherking-liffre.ac-rennes.fr\/IMG\/jpg\/img_3845.jpg\" alt=\"rencontre chorale ille et vilaine\" align=\"left\"> Chorale dirig\u00e9e par Pierre Gauthier, accompagn\u00e9e au piano par Myriam Alliot. Soliste invit\u00e9e : Aline Jalliet. Lop\u00e9ration comprenait \u00e9galement la cr\u00e9ation dun P\u00f4le dActivit\u00e9s et de Soins Adapt\u00e9s renomm\u00e9 le Bon Accueil, \u00e0 la place de lancienne cuisine, ainsi que lagrandissement du parking.<\/p>\n","protected":false},"excerpt":{"rendered":"<p>rencontre chorale ille et vilaine<\/p>\n","protected":false},"author":1,"featured_media":0,"comment_status":"closed","ping_status":"closed","sticky":false,"template":"","format":"standard","meta":{"footnotes":""},"categories":[1],"tags":[],"_links":{"self":[{"href":"http:\/\/www.tuimagenweb.com.co\/blogs\/wp-json\/wp\/v2\/posts\/129"}],"collection":[{"href":"http:\/\/www.tuimagenweb.com.co\/blogs\/wp-json\/wp\/v2\/posts"}],"about":[{"href":"http:\/\/www.tuimagenweb.com.co\/blogs\/wp-json\/wp\/v2\/types\/post"}],"author":[{"embeddable":true,"href":"http:\/\/www.tuimagenweb.com.co\/blogs\/wp-json\/wp\/v2\/users\/1"}],"replies":[{"embeddable":true,"href":"http:\/\/www.tuimagenweb.com.co\/blogs\/wp-json\/wp\/v2\/comments?post=129"}],"version-history":[{"count":1,"href":"http:\/\/www.tuimagenweb.com.co\/blogs\/wp-json\/wp\/v2\/posts\/129\/revisions"}],"predecessor-version":[{"id":130,"href":"http:\/\/www.tuimagenweb.com.co\/blogs\/wp-json\/wp\/v2\/posts\/129\/revisions\/130"}],"wp:attachment":[{"href":"http:\/\/www.tuimagenweb.com.co\/blogs\/wp-json\/wp\/v2\/media?parent=129"}],"wp:term":[{"taxonomy":"category","embeddable":true,"href":"http:\/\/www.tuimagenweb.com.co\/blogs\/wp-json\/wp\/v2\/categories?post=129"},{"taxonomy":"post_tag","embeddable":true,"href":"http:\/\/www.tuimagenweb.com.co\/blogs\/wp-json\/wp\/v2\/tags?post=129"}],"curies":[{"name":"wp","href":"https:\/\/api.w.org\/{rel}","templated":true}]}}