{"id":197,"date":"2020-09-18T15:46:03","date_gmt":"2020-09-18T15:46:03","guid":{"rendered":"http:\/\/www.tuimagenweb.com.co\/blogs\/?p=197"},"modified":"2020-09-18T14:02:52","modified_gmt":"2020-09-18T14:02:52","slug":"festival-rencontres-brel-saint-pierre-chartreuse","status":"publish","type":"post","link":"http:\/\/www.tuimagenweb.com.co\/blogs\/2020\/09\/18\/festival-rencontres-brel-saint-pierre-chartreuse\/","title":{"rendered":"Festival Rencontres Brel Saint Pierre Chartreuse"},"content":{"rendered":"<p>Longtemps d\u00e9di\u00e9 \u00e0 la chanson fran\u00e7aise, le festival avait pris un tournant vers des musiques actuelles ces derni\u00e8res ann\u00e9es et proposait une programmation \u00e9clectique mais la concurrence est importante. Le Grand son se d\u00e9roule en m\u00eame temps que le Cabaret Frapp\u00e9, \u00e0 Grenoble festival devenu gratuit et juste apr\u00e8s le Vercors Music Festival, qui existe depuis cinq ans. 23\u00e8me Rencontres Brel-Ev\u00e9nement Musiques Actuelles \u00e0 Grenoble Venez partager cet \u00e9v\u00e9nement organis\u00e9 pour vous, rencontrer les administrateurs de votre Caisse locale et les dirigeants de votre banque, vous informer de son actualit\u00e9. Vous b\u00e9n\u00e9ficierez dune intervention sur le th\u00e8me laffirmation de notre utilit\u00e9 au territoire. Paiement 100 s\u00e9curis\u00e9 Secure Internet Payment Services Festival de chansons et musiques actuelles, organis\u00e9 au coeur du massif de la Chartreuse, les Rencontres Brel r\u00e9unissent chaque ann\u00e9e plus de 15 000 spectateurs attir\u00e9s par la couleur musicale et latmosph\u00e8re festive et conviviale. 6 jours de plaisir partag\u00e9. Il \u00e9tait un peu satur\u00e9 de tout ce qui brillait. Ce n\u00e9tait pas une star ordinaire. C\u00e9tait une grande star qui faisait tout pour \u00e9viter de se distinguer. Il voulait vivre ici dune fa\u00e7on simple, presque ordinaire, comme tout le monde, se rappelle Michel Becle-Berland. Festival le Grand Son ex Rencontres Brel Auvergne Rhone AlpeSolidaires  Nous avons donc convoqu\u00e9 une assembl\u00e9e g\u00e9n\u00e9rale extraordinaire ce 22 juin 2019 afin dinitier la proc\u00e9dure de liquidation de lEph\u00e9m\u00e8re et ce, avant que l\u00e9dition 2019 nait lieu. Venez partager cet \u00e9v\u00e9nement organis\u00e9 pour vous, rencontrer les administrateurs de votre Caisse locale et les dirigeants de votre banque, vous informer de son actualit\u00e9. Vous b\u00e9n\u00e9ficierez dune intervention sur laffirmation de notre utilit\u00e9 au territoire. Animation par Pascal Toth Festival Brel en direct : quand agence web et b\u00e9n\u00e9voles travaillent main dans la main! Plus de 20h de rushes en une semaine Les Montain Men sont chez eux \u00e0 Saint Pierre de Chartreuse, cest l\u00e9motion. Leur blues se fait authentique. Mats en a la voix plus chaude que cass\u00e9e. Iano ose des sons jamais tent\u00e9s. Leurs instruments, ceux du blues, guitare et harmonica se r\u00e9pondent \u00e0 merveille pour offrir \u00e0 leur public le suc de leurs tripes. On en est \u00e0 ce moment dextase avec la salle, lorsquils se lancent dans un Chez ces gens l\u00e0, Monsieur danthologie. Jacques Brel ne savait pas quil \u00e9tait bluesman. Mats et Iano le lui ont dit en sourdine sous ce chapiteau. Et ils ont rench\u00e9ri avec un Georgia, in my mind tout droit issu des cimes du plaisir. Bient\u00f4t, sur dautres sc\u00e8nes, on parle de lOlympia au sommet de votre art, celui du partage. Une petite faim? un petit verre entre amis? une envie de danser? le moteur de recherche est l\u00e0 pour vous servir, <img decoding=\"async\" src=\"http:\/\/idata.over-blog.com\/0\/60\/04\/49\/BIOGRAPHIE\/Annees-50\/Brel53430.jpg\" alt=\"festival rencontres brel saint pierre chartreuse\" align=\"right\"> Les Endimanch\u00e9s : jeux et spectacles pour toute la famille! de la fantaisie et du frisson, du rire et des couleurs.. Et toujours le plaisir de voler et de partager la passion du vol. Venez partager cet \u00e9v\u00e9nement organis\u00e9 pour vous, rencontrer les administrateurs de votre Caisse locale et les dirigeants de votre banque, vous informer de son actualit\u00e9. Vous b\u00e9n\u00e9ficierez dune intervention sur le th\u00e8me le harc\u00e8lement scolaire, parlons en. 13-14-27-28 juillet, 3-4- 10-11-15-17-18-24 ao\u00fbt 2019 Vous avez une info, une actualit\u00e9 ou m\u00eame une rumeur sur ce festival? <img decoding=\"async\" src=\"http:\/\/www.agriculture-dromoise.fr\/getimage.php?taille=grande&#038;nom=1453978076-festival_renc-brel.jpg\" alt=\"festival rencontres brel saint pierre chartreuse\" align=\"center\"> Horaires encore \u00e0 d\u00e9finir. Plus dinformations et contacts sont \u00e0 retrouver sur. Cest dans son bureau, son endroit favori, son havre de paix, o\u00f9 Georges Boulard nous re\u00e7oit pour cette rencontre. Devant posters, vid\u00e9ocassettes, livres et souvenirs autour de Georges Brassens, cest une v\u00e9ritable caverne aux tr\u00e9sors que lon peut apercevoir. Votre commentaire sera publi\u00e9 dans les plus brefs d\u00e9lais, apr\u00e8s mod\u00e9ration.  CONCERTS par St\u00e9phane Duch\u00eane le Mardi 7 f\u00e9vrier 2017 De grosses guitares flirtant avec le post-punk, le post-rock, le shoegazing option mur de son, et du spoken word r\u00e9volt\u00e9, balanc\u00e9 dune voix blanche comme.. Copyright Le Petit Bulletin 2020 Tous droits r\u00e9serv\u00e9s. Are you not a robot? Click on the button to continue: Im not a bot Continue. <img decoding=\"async\" src=\"http:\/\/r4.llb.be\/image\/54\/51b870bbe4b0de6db9a56f54.jpg\" alt=\"festival rencontres brel saint pierre chartreuse\" align=\"left\">  Rien sans vous, votre soutien, naurait \u00e9t\u00e9 possible! Nous aurions souhait\u00e9 poursuivre, partager encore plus.<\/p>\n","protected":false},"excerpt":{"rendered":"<p>festival rencontres brel saint pierre chartreuse<\/p>\n","protected":false},"author":1,"featured_media":0,"comment_status":"closed","ping_status":"closed","sticky":false,"template":"","format":"standard","meta":{"footnotes":""},"categories":[1],"tags":[],"_links":{"self":[{"href":"http:\/\/www.tuimagenweb.com.co\/blogs\/wp-json\/wp\/v2\/posts\/197"}],"collection":[{"href":"http:\/\/www.tuimagenweb.com.co\/blogs\/wp-json\/wp\/v2\/posts"}],"about":[{"href":"http:\/\/www.tuimagenweb.com.co\/blogs\/wp-json\/wp\/v2\/types\/post"}],"author":[{"embeddable":true,"href":"http:\/\/www.tuimagenweb.com.co\/blogs\/wp-json\/wp\/v2\/users\/1"}],"replies":[{"embeddable":true,"href":"http:\/\/www.tuimagenweb.com.co\/blogs\/wp-json\/wp\/v2\/comments?post=197"}],"version-history":[{"count":1,"href":"http:\/\/www.tuimagenweb.com.co\/blogs\/wp-json\/wp\/v2\/posts\/197\/revisions"}],"predecessor-version":[{"id":198,"href":"http:\/\/www.tuimagenweb.com.co\/blogs\/wp-json\/wp\/v2\/posts\/197\/revisions\/198"}],"wp:attachment":[{"href":"http:\/\/www.tuimagenweb.com.co\/blogs\/wp-json\/wp\/v2\/media?parent=197"}],"wp:term":[{"taxonomy":"category","embeddable":true,"href":"http:\/\/www.tuimagenweb.com.co\/blogs\/wp-json\/wp\/v2\/categories?post=197"},{"taxonomy":"post_tag","embeddable":true,"href":"http:\/\/www.tuimagenweb.com.co\/blogs\/wp-json\/wp\/v2\/tags?post=197"}],"curies":[{"name":"wp","href":"https:\/\/api.w.org\/{rel}","templated":true}]}}