{"id":253,"date":"2020-09-18T17:31:01","date_gmt":"2020-09-18T17:31:01","guid":{"rendered":"http:\/\/www.tuimagenweb.com.co\/blogs\/?p=253"},"modified":"2020-09-18T15:25:39","modified_gmt":"2020-09-18T15:25:39","slug":"rencontre-entre-forain","status":"publish","type":"post","link":"http:\/\/www.tuimagenweb.com.co\/blogs\/2020\/09\/18\/rencontre-entre-forain\/","title":{"rendered":"Rencontre Entre Forain"},"content":{"rendered":"<p>Les Forains-Cie Les Gueules de Loup-atheneum-Universit\u00e9 de Bourgogne En janvier 2017, Campion est condamn\u00e9 par la pour injures envers Bernard de la Villardi\u00e8re. En f\u00e9vrier de la m\u00eame ann\u00e9e,, Cl\u00e9ment Dudouet et Bernard de la Villardi\u00e8re sont condamn\u00e9s par le pour diffamation suite aux propos diffus\u00e9s dans le cadre du reportage, concernant plus sp\u00e9cifiquement la Grande Roue de Paris. David Perrotin,, sur lejdd.fr, 22 septembre 2018 consult\u00e9 le 23 septembre 2018. Coronavirus : la f\u00eate foraine de Pontivy finalement ouverte ce mercredi, samedi et dimanche Pontivy Journal Mis \u00e0 jour le 070915 15:28 Publi\u00e9 le 060915 10:18 <img decoding=\"async\" src=\"http:\/\/www.apes-dsu.fr\/images\/Actus\/2018-07\/Rencontres2018_1.jpg\" alt=\"rencontre entre forain\" align=\"right\"> Autre sujet en une, la mise \u00e0 leau dune barge g\u00e9ante chez Manche Industrie Marine. Programme \u00e0 Besan\u00e7on Comme chaque ann\u00e9e depuis 1977, le 8 mars est la journ\u00e9e de lutte pour les droits des femmes en France, mais aussi dans plusieurs pays du monde. \u00c0 Besan\u00e7on, un programme riche de nombreuses actions et manifestations du 5 au 24 mars 2019 est orchestr\u00e9 par le Centre dinformation sur les Droits des femmes et des familles CIDFF du Doubs et ses associations locales. <img decoding=\"async\" src=\"http:\/\/www.experience.theartofthedemo.com\/sites\/default\/files\/lunapark_pechecanard_0.jpg\" alt=\"rencontre entre forain\" align=\"center\"> Apr\u00e8s une ultime rencontre entre les forains, le pr\u00e9fet de la Marne, le sous-pr\u00e9fet de Reims et des membres de la ville de Reims, il semble quun entendement soit trouv\u00e9 entre les diff\u00e9rentes parties.Pour rappel, la base de ce conflit reposait sur linstallation de la foire de No\u00ebl, chauss\u00e9e Bocquaine \u00e0 proximit\u00e9 du stade Auguste Delaune, et non plus sur les promenades au centre-ville. Depuis lundi dernier, les forains refusaient de sinstaller sur lespace d\u00e9di\u00e9 chauss\u00e9e Bocquaine et manifestaient leur m\u00e9contentement en organisant des blocages de la ville op\u00e9rations escargot sur la voie urbaine de Reims, barrages filtrants. D\u00e9p\u00eaches 170420 Un drive des producteurs organis\u00e9 d\u00e8s ce samedi 18 avril sur le parking \u00e0 larri\u00e8re de lh\u00f4tel de ville Quand javais 20 ans, des \u00e9vang\u00e9liques sont venus ici, au march\u00e9 de No\u00ebl. Je les ai jet\u00e9s dehors en disant : On veut pas de \u00e7a chez nous, se souvient Chriss Campion, sous la tonnelle dun restaurant moules-frites, en plein c\u0153ur des Tuileries, \u00e0 Paris. Depuis, je me suis converti, je suis devenu pasteur et, avec James, nous avons \u00e9vang\u00e9lis\u00e9 en France une centaine de f\u00eates foraines. Vous b\u00e9n\u00e9ficiez dun droit dacc\u00e8s et de rectification de vos donn\u00e9es personnelles, ainsi que celui den demander leffacement dans les limites pr\u00e9vues par la loi. 4 ESNARD Dominique-Liste lEnergie de la Coh\u00e9sion, lAudace de lAction  Mairie de la commune d\u00e9l\u00e9gu\u00e9e de Pringy Place Georges-Boileau <img decoding=\"async\" src=\"http:\/\/yard.media\/wp-content\/uploads\/2015\/01\/Marcel-Campion-1.jpg\" alt=\"rencontre entre forain\" align=\"center\">  Chez les DAndrea, la foire attractions, cest aussi une histoire de famille. La Famille Walili On fait des choses pas s\u00e9rieuses mais on les fait s\u00e9rieusement! Le journal du jour en exclusivit\u00e9 et le journal de demain avant tout le monde Passionn\u00e9 de voile jai rencontr\u00e9 Mael un membre de l\u00e9quipe des Walili, conquis par le personnage je souhaite r\u00e9ussite et longue vie \u00e0 cette formation. G\u00e9g\u00e9 Nous navons aucune hostilit\u00e9 envers vous, assure un habitant, belle barbiche et chapeau de feutre. Nous sommes des gens sens\u00e9s, nous tenons juste \u00e0 notre tranquillit\u00e9. \u00c7a tombe bien, nous aussi, rebondit M. Kerwich, propri\u00e9taire de man\u00e8ges enfantins et dun mini-huit. Et nous voulons de la s\u00e9curit\u00e9 pour nos caravanes tout comme vous en voulez pour vos maisons. Paris Tribune, Lavenir du March\u00e9 de No\u00ebl sur les Champs-Elys\u00e9es d\u00e9pend du juge des contrats, paristribune.info, 22 d\u00e9cembre 2017,, consult\u00e9 le 14 janvier 2018 La Pr\u00e9fecture de Seine-Maritime a pris un nouvel arr\u00eat\u00e9 visant \u00e0 interdire, d\u00e8s le samedi 21 mars le front de mer, les plages, les quais, le port, les sentiers littoraux, les for\u00eats aux pi\u00e9tons et cyclistes. Seule la pratique individuelle sportive est autoris\u00e9e sur ces espaces.  Cette rupture entre la mairie de Paris et Marcel Campion qui b\u00e9n\u00e9ficiait dun soutien sous les mandats de,, et au d\u00e9but de celui d sexplique officiellement par ses ennuis judiciaires bien quil nait pas \u00e9t\u00e9 condamn\u00e9 et son image sulfureuse, et, selon ses d\u00e9fenseurs, par la volont\u00e9 de la municipalit\u00e9 de confier lorganisation des \u00e9v\u00e8nements festifs parisiens \u00e0 dautres personnalit\u00e9s et soci\u00e9t\u00e9s, les m\u00e9thodes muscl\u00e9es blocages, installations forc\u00e9es, etc. De Marcel Campion \u00e9tant \u00e9galement critiqu\u00e9es.<\/p>\n","protected":false},"excerpt":{"rendered":"<p>rencontre entre forain<\/p>\n","protected":false},"author":1,"featured_media":0,"comment_status":"closed","ping_status":"closed","sticky":false,"template":"","format":"standard","meta":{"footnotes":""},"categories":[1],"tags":[],"_links":{"self":[{"href":"http:\/\/www.tuimagenweb.com.co\/blogs\/wp-json\/wp\/v2\/posts\/253"}],"collection":[{"href":"http:\/\/www.tuimagenweb.com.co\/blogs\/wp-json\/wp\/v2\/posts"}],"about":[{"href":"http:\/\/www.tuimagenweb.com.co\/blogs\/wp-json\/wp\/v2\/types\/post"}],"author":[{"embeddable":true,"href":"http:\/\/www.tuimagenweb.com.co\/blogs\/wp-json\/wp\/v2\/users\/1"}],"replies":[{"embeddable":true,"href":"http:\/\/www.tuimagenweb.com.co\/blogs\/wp-json\/wp\/v2\/comments?post=253"}],"version-history":[{"count":1,"href":"http:\/\/www.tuimagenweb.com.co\/blogs\/wp-json\/wp\/v2\/posts\/253\/revisions"}],"predecessor-version":[{"id":254,"href":"http:\/\/www.tuimagenweb.com.co\/blogs\/wp-json\/wp\/v2\/posts\/253\/revisions\/254"}],"wp:attachment":[{"href":"http:\/\/www.tuimagenweb.com.co\/blogs\/wp-json\/wp\/v2\/media?parent=253"}],"wp:term":[{"taxonomy":"category","embeddable":true,"href":"http:\/\/www.tuimagenweb.com.co\/blogs\/wp-json\/wp\/v2\/categories?post=253"},{"taxonomy":"post_tag","embeddable":true,"href":"http:\/\/www.tuimagenweb.com.co\/blogs\/wp-json\/wp\/v2\/tags?post=253"}],"curies":[{"name":"wp","href":"https:\/\/api.w.org\/{rel}","templated":true}]}}