{"id":367,"date":"2020-09-18T22:18:59","date_gmt":"2020-09-18T22:18:59","guid":{"rendered":"http:\/\/www.tuimagenweb.com.co\/blogs\/?p=367"},"modified":"2020-09-18T19:09:13","modified_gmt":"2020-09-18T19:09:13","slug":"rencontre-seniors-charente","status":"publish","type":"post","link":"http:\/\/www.tuimagenweb.com.co\/blogs\/2020\/09\/18\/rencontre-seniors-charente\/","title":{"rendered":"Rencontre Seniors Charente"},"content":{"rendered":"<p>Cest donc, le 6 \u00e8me site de rencontre seniors que vous nous conseillons de tester. <img decoding=\"async\" src=\"http:\/\/nursepractitionerprograms.maryville.edu\/wp-content\/themes\/ckg-blank\/custom\/img\/hero-admissions.jpg\" alt=\"rencontre seniors charente\" align=\"right\">  pour nous permettre de proposer des offres adapt\u00e9es \u00e0 vos centres dint\u00e9r\u00eat ainsi que pour analyser le trafic de notre site. <img decoding=\"async\" src=\"http:\/\/photos.g-tout.fr\/annonces\/1014000\/1014190\/a1014190_photo1.jpg\" alt=\"rencontre seniors charente\" align=\"center\"> Yeux :-Cheveux : Brun roux-160 cm-Statut civil: Divorc\u00e9 Ch\u00e2tellerault : les ouvriers de la Fonderie Fonte bloquent les exp\u00e9ditions de carters  Homme 58ans-hors r\u00e9seau r\u00e9gion Aquitaine, recherche amiti\u00e9, convivialit\u00e9, dans le respect, la tendresse et la dur\u00e9e.. Ils recherchent \u00e0 faire des rencontres, partager des moments joyeux et pourquoi pas \u00e0 se mettre en couple. Select TT, Soci\u00e9t\u00e9 par actions simplifi\u00e9es unipersonnelle immatricul\u00e9e au Registre du Commerce et des Soci\u00e9t\u00e9s de Bobigny sous le num\u00e9ro 304 381 379. La Ville o\u00f9 elle r\u00e9side : proche ou dans ses environs r\u00e9gion Languedoc-roussillon. Votre num\u00e9ro de soci\u00e9taire adh\u00e9rent na pas \u00e9t\u00e9 reconnu. Veuillez renouveler votre saisie : Massignac Mazerolles Mazi\u00e8res M\u00e9dillac M\u00e9rignac Merpins Mesnac Messeux Les M\u00e9tairies Carpe diem femme senior c\u00e9libataire de 67 ans cherche homme pour rencontre s\u00e9rieuse Longlet activit\u00e9s me renseigne sur les sorties, les voyages real life entre inscrits. Je peux participer \u00e0 des soir\u00e9es avec de vrais c\u00e9libataires et pas des faux qui sont archi mari\u00e9s et archi menteurs. Bon point pour Disons Demain. Parmi ces mesures, plusieurs lont \u00e9t\u00e9 pour faciliter linstallation p\u00e9renne des professionnels de sant\u00e9 dans des zones identifi\u00e9es comme fragiles en offre de soins. Si vous vous reconnaissez dans cette description, nh\u00e9sitez pas \u00e0 me Les rencontres organis\u00e9es en 2013 avec les maires de Poitou-Charentes ont eu lieu :  <img decoding=\"async\" src=\"http:\/\/www.le-blog-des-senioriales.fr\/wp-content\/uploads\/2015\/09\/Mia-Farrow-et-Robert-Redford-Gatsby-le-Magnifique-1974.jpg\" alt=\"rencontre seniors charente\" align=\"right\">.<\/p>\n","protected":false},"excerpt":{"rendered":"<p>rencontre seniors charente<\/p>\n","protected":false},"author":1,"featured_media":0,"comment_status":"closed","ping_status":"closed","sticky":false,"template":"","format":"standard","meta":{"footnotes":""},"categories":[1],"tags":[],"_links":{"self":[{"href":"http:\/\/www.tuimagenweb.com.co\/blogs\/wp-json\/wp\/v2\/posts\/367"}],"collection":[{"href":"http:\/\/www.tuimagenweb.com.co\/blogs\/wp-json\/wp\/v2\/posts"}],"about":[{"href":"http:\/\/www.tuimagenweb.com.co\/blogs\/wp-json\/wp\/v2\/types\/post"}],"author":[{"embeddable":true,"href":"http:\/\/www.tuimagenweb.com.co\/blogs\/wp-json\/wp\/v2\/users\/1"}],"replies":[{"embeddable":true,"href":"http:\/\/www.tuimagenweb.com.co\/blogs\/wp-json\/wp\/v2\/comments?post=367"}],"version-history":[{"count":1,"href":"http:\/\/www.tuimagenweb.com.co\/blogs\/wp-json\/wp\/v2\/posts\/367\/revisions"}],"predecessor-version":[{"id":368,"href":"http:\/\/www.tuimagenweb.com.co\/blogs\/wp-json\/wp\/v2\/posts\/367\/revisions\/368"}],"wp:attachment":[{"href":"http:\/\/www.tuimagenweb.com.co\/blogs\/wp-json\/wp\/v2\/media?parent=367"}],"wp:term":[{"taxonomy":"category","embeddable":true,"href":"http:\/\/www.tuimagenweb.com.co\/blogs\/wp-json\/wp\/v2\/categories?post=367"},{"taxonomy":"post_tag","embeddable":true,"href":"http:\/\/www.tuimagenweb.com.co\/blogs\/wp-json\/wp\/v2\/tags?post=367"}],"curies":[{"name":"wp","href":"https:\/\/api.w.org\/{rel}","templated":true}]}}