{"id":381,"date":"2020-09-18T21:52:20","date_gmt":"2020-09-18T21:52:20","guid":{"rendered":"http:\/\/www.tuimagenweb.com.co\/blogs\/?p=381"},"modified":"2020-09-18T19:43:45","modified_gmt":"2020-09-18T19:43:45","slug":"agro-rencontre","status":"publish","type":"post","link":"http:\/\/www.tuimagenweb.com.co\/blogs\/2020\/09\/18\/agro-rencontre\/","title":{"rendered":"Agro Rencontre"},"content":{"rendered":"<p>Participez aux Rencontres Agro Ecologiques version 2020 qui se d\u00e9rouleront le dimanche 16 f\u00e9vrier 2020 sur le site de ABC Davay\u00e9. <img decoding=\"async\" src=\"http:\/\/www.vitalite-regionale.com\/wp-content\/uploads\/2015\/07\/FromagiersTableRonde-550x330.jpg\" alt=\"agro rencontre\" align=\"right\"> <img decoding=\"async\" src=\"http:\/\/www.amaroc-agro.com\/wp-content\/gallery\/Rencontre-de-la-cerise\/Rencontre-de-la-cerise-d%E2%80%99A%C3%AFn-Leuh-2016-1.jpg\" alt=\"agro rencontre\" align=\"right\"> Up2DIVA : rencontre des experts du num\u00e9rique et de lagro Lauteur Alain-Claude Rameau, forestier et agronome de formation propose une.. Vous pouvez ajouter seulement 3 programmes \u00e0 votre tableau de bord. Nous vous invitons \u00e0 en supprimer un avant dajouter un nouveau programme.  Op\u00e9ration PASSE-LIVRE : arrivez avec un livre que vous avez aim\u00e9, que vous voulez faire partager.. Et repartez avec un autre qui vous pla\u00eet! DIVA ouvre un second appel \u00e0 projets Digital Aquitaine  Rodilhan : la 10e \u00e9dition dAgroZikos a rencontr\u00e9 un succ\u00e8s au lyc\u00e9e agricole <img decoding=\"async\" src=\"http:\/\/img.over-blog-kiwi.com\/0\/80\/87\/91\/20140124\/ob_73648f_proces.jpg\" alt=\"agro rencontre\" align=\"right\"> Abdou Diop a occup\u00e9 le poste de Pr\u00e9sident de la Commission Afrique et Sud-Sud de la Conf\u00e9d\u00e9ration Rencontres r\u00e9gionales pour lavenir de lagroalimentaire. La th\u00e9matique de cette ann\u00e9e est la transition \u00e9nerg\u00e9tique.eberhart.marcelgmail.com Le Collectif SOS for\u00eat France organise les 2\u00e8mes Assises de la for\u00eat \u00e0 la.. Atelier 3 : Comment se pr\u00e9parer \u00e0 la lev\u00e9e de fonds?  Lassociation Paysarbre organise les 9,10 et 11 mars 2018 \u00e0 Lod\u00e8ve trois.. Le pr\u00e9fet de lYonne \u00e0 la rencontre du monde agricole : Henri PREVOST pose les bases dune concertation utile Le r\u00e9seau RCF compte 300 salari\u00e9s et 3.000 b\u00e9n\u00e9voles. 2 et 3 avril 2011 : 9\u00e8me \u00e9dition La diversit\u00e9 brassicole.<\/p>\n","protected":false},"excerpt":{"rendered":"<p>agro rencontre<\/p>\n","protected":false},"author":1,"featured_media":0,"comment_status":"closed","ping_status":"closed","sticky":false,"template":"","format":"standard","meta":{"footnotes":""},"categories":[1],"tags":[],"_links":{"self":[{"href":"http:\/\/www.tuimagenweb.com.co\/blogs\/wp-json\/wp\/v2\/posts\/381"}],"collection":[{"href":"http:\/\/www.tuimagenweb.com.co\/blogs\/wp-json\/wp\/v2\/posts"}],"about":[{"href":"http:\/\/www.tuimagenweb.com.co\/blogs\/wp-json\/wp\/v2\/types\/post"}],"author":[{"embeddable":true,"href":"http:\/\/www.tuimagenweb.com.co\/blogs\/wp-json\/wp\/v2\/users\/1"}],"replies":[{"embeddable":true,"href":"http:\/\/www.tuimagenweb.com.co\/blogs\/wp-json\/wp\/v2\/comments?post=381"}],"version-history":[{"count":1,"href":"http:\/\/www.tuimagenweb.com.co\/blogs\/wp-json\/wp\/v2\/posts\/381\/revisions"}],"predecessor-version":[{"id":382,"href":"http:\/\/www.tuimagenweb.com.co\/blogs\/wp-json\/wp\/v2\/posts\/381\/revisions\/382"}],"wp:attachment":[{"href":"http:\/\/www.tuimagenweb.com.co\/blogs\/wp-json\/wp\/v2\/media?parent=381"}],"wp:term":[{"taxonomy":"category","embeddable":true,"href":"http:\/\/www.tuimagenweb.com.co\/blogs\/wp-json\/wp\/v2\/categories?post=381"},{"taxonomy":"post_tag","embeddable":true,"href":"http:\/\/www.tuimagenweb.com.co\/blogs\/wp-json\/wp\/v2\/tags?post=381"}],"curies":[{"name":"wp","href":"https:\/\/api.w.org\/{rel}","templated":true}]}}