{"id":383,"date":"2020-09-18T23:45:40","date_gmt":"2020-09-18T23:45:40","guid":{"rendered":"http:\/\/www.tuimagenweb.com.co\/blogs\/?p=383"},"modified":"2020-09-18T19:44:53","modified_gmt":"2020-09-18T19:44:53","slug":"rencontre-entre-retraites","status":"publish","type":"post","link":"http:\/\/www.tuimagenweb.com.co\/blogs\/2020\/09\/18\/rencontre-entre-retraites\/","title":{"rendered":"Rencontre Entre Retrait\u00e9s"},"content":{"rendered":"<p>Le RU pr\u00e9voit que le calcul de la retraite se fera par la multiplication du nombre de points acquis par la valeur du point qui vaudra.. 0,55, mais ce chiffre est encore non d\u00e9finitif <img decoding=\"async\" src=\"http:\/\/retraitemagog.com\/attachments\/Image\/lac.jpg\" alt=\"rencontre entre retrait\u00e9s\" align=\"center\"> Alors, on favorise des lobbies mais on oublie lhumain. 13 juin 2020 \u00e0 15h12 : florence a publi\u00e9 une annonce <img decoding=\"async\" src=\"http:\/\/archives.varmatin.com\/media_varmatin\/imagecache\/article-taille-normale-nm\/webpipe\/2010-06\/2010-06-02\/NM-300151.jpg\" alt=\"rencontre entre retrait\u00e9s\" align=\"left\"> gestion des prestations retraite, laction sociale et le r\u00e9gime <img decoding=\"async\" src=\"http:\/\/www.thibaultvandermersch.com\/clients\/3649\/fichiers\/photos\/5a05aea520a6f.jpg\" alt=\"rencontre entre retrait\u00e9s\" align=\"left\"> si tu veux pas avoir ton gosse jusqu\u00e0 64 ans chez toi, fais-lui faire de la politique! 85-Rencontres entre retrait\u00e9s dans le 85 \u00e0 la Roche sur Yon dans la vend\u00e9e rencontres entre retrait\u00e9s dans le 85, de tr\u00e8s bonne moralit\u00e9, inscription GRATUITE aux jardins darcadie, rien nest impos\u00e9, mais tout est mis en \u0152uvre pour faciliter votre quotidien! Les seniors savent se sentir encore jeunes dans leur t\u00eate et nombreux sont \u00e0 utiliser internet. Des milliers de nouveaux membres sinscrivent chaque jour et vous \u00eates d\u00e9j\u00e0 plusieurs centaines de milliers sur notre portail! Dans les entreprises les actifs sont confront\u00e9s aux NAO, \u00e0 la prime Macron par exemple \u00e0 Thales entre 530 et 250 euros mais \u00e7a ne fait pas le compte, pour les mini des ing\u00e9nieurs et cadres une augmentation de 2,1 a \u00e9t\u00e9 obtenu pour la premi\u00e8re fois et laccord devrait \u00eatre sign\u00e9 par la CGT car il aura des cons\u00e9quences sur les mini des conventions territoriales. Sur les retraites, la fusion ARRCO AGIRC au 1 er janvier a d\u00e9j\u00e0 des r\u00e9percussions avec un recul du d\u00e9part de l\u00e2ge \u00e0 la retraite et la future r\u00e9forme des retraites en 2019 sannonce catastrophique, sans oublier laugmentation du temps de travail dans les n\u00e9gociations avec lUIMM, qui propose par exemple augmenter jusqu\u00e0 44h la semaine de travail. Les institutions repr\u00e9sentatives du personnel sont remises en cause avec la loi Macron et le nombre d\u00e9lus va baisser entre 30 et 50 suivant les entreprises. Le service FranceConnect nest actuellement pas disponible, veuillez nous excuser pour le d\u00e9rangement occasionn\u00e9. Si \u00e0 la date de bascule, vous avez une demande en cours de traitement, vous navez rien \u00e0 faire, tout sera automatiquement transf\u00e9r\u00e9 \u00e0 votre caisse dAssurance Maladie. Grandes villes europ\u00e9ennes sont un must : Prague, Copenhague, S\u00e9ville, Florence.. Tellement de choix! Si  La ligne est-elle d\u00e9finitivement coup\u00e9e? Apr\u00e8s plus dun mois de mobilisation contre la, les syndicats qui ont pr\u00e9vu de nouvelles manifestations  Lapplication Lumen est gratuite mais dispose \u00e9galement dune version payante \u00e0 24,99 euros par mois. Jean-Paul Delevoye, nous a aussi indiqu\u00e9 quil \u00e9tait favorable \u00e0 linstauration dune r\u00e8gle dor interdisant la baisse de la valeur du point. Pour lUNSA cest bien s\u00fbr une condition sine qua non.  en 2004. On sait combien elles ont eu denfants avant 34 ans, et acteur du secteur des maisons de retraite en Europe vient r\u00e9cemment de proposer obtient ainsi des taux de natalit\u00e9, de mortalit\u00e9, de croissance 1959-1969 1969-1974 1974-1981 1981-1995 1995-2007 2007 2008-2012 2012-2014 depuis 2017.<\/p>\n","protected":false},"excerpt":{"rendered":"<p>rencontre entre retrait\u00e9s<\/p>\n","protected":false},"author":1,"featured_media":0,"comment_status":"closed","ping_status":"closed","sticky":false,"template":"","format":"standard","meta":{"footnotes":""},"categories":[1],"tags":[],"_links":{"self":[{"href":"http:\/\/www.tuimagenweb.com.co\/blogs\/wp-json\/wp\/v2\/posts\/383"}],"collection":[{"href":"http:\/\/www.tuimagenweb.com.co\/blogs\/wp-json\/wp\/v2\/posts"}],"about":[{"href":"http:\/\/www.tuimagenweb.com.co\/blogs\/wp-json\/wp\/v2\/types\/post"}],"author":[{"embeddable":true,"href":"http:\/\/www.tuimagenweb.com.co\/blogs\/wp-json\/wp\/v2\/users\/1"}],"replies":[{"embeddable":true,"href":"http:\/\/www.tuimagenweb.com.co\/blogs\/wp-json\/wp\/v2\/comments?post=383"}],"version-history":[{"count":1,"href":"http:\/\/www.tuimagenweb.com.co\/blogs\/wp-json\/wp\/v2\/posts\/383\/revisions"}],"predecessor-version":[{"id":384,"href":"http:\/\/www.tuimagenweb.com.co\/blogs\/wp-json\/wp\/v2\/posts\/383\/revisions\/384"}],"wp:attachment":[{"href":"http:\/\/www.tuimagenweb.com.co\/blogs\/wp-json\/wp\/v2\/media?parent=383"}],"wp:term":[{"taxonomy":"category","embeddable":true,"href":"http:\/\/www.tuimagenweb.com.co\/blogs\/wp-json\/wp\/v2\/categories?post=383"},{"taxonomy":"post_tag","embeddable":true,"href":"http:\/\/www.tuimagenweb.com.co\/blogs\/wp-json\/wp\/v2\/tags?post=383"}],"curies":[{"name":"wp","href":"https:\/\/api.w.org\/{rel}","templated":true}]}}