{"id":403,"date":"2020-09-18T23:51:38","date_gmt":"2020-09-18T23:51:38","guid":{"rendered":"http:\/\/www.tuimagenweb.com.co\/blogs\/?p=403"},"modified":"2020-09-18T20:27:00","modified_gmt":"2020-09-18T20:27:00","slug":"rencontre-lucon","status":"publish","type":"post","link":"http:\/\/www.tuimagenweb.com.co\/blogs\/2020\/09\/18\/rencontre-lucon\/","title":{"rendered":"Rencontre Lucon"},"content":{"rendered":"<p>Le Grand T\u00e9moin Au lendemain des \u00e9lections europ\u00e9ennes, Louis Daufresne re\u00e7oit Arnaud Benedetti, Philippe Deloire et Olivier Milza de Cadenet. Harry Bellet, journaliste au Monde, est linvit\u00e9 de Un livre, Une voix pour le deuxi\u00e8me volume des Aventures extravagantes de Jean Jambecreuse Actes Sud. Un roman picaresque qui suit Jean Jambecreuse un peintre inspir\u00e9 de Hans Holbein. D\u00e9cryptage La r\u00e9volte \u00e9tudiante de Mai 68, cest lav\u00e8nement de la soci\u00e9t\u00e9 de consommation et de lindividualisme ou r\u00e9volte de lesprit? Pour y r\u00e9pondre, Pascal Ory, historien du XXe si\u00e8cle et Gerard Leclerc, journaliste et auteur de Sous les pav\u00e9s, lEsprit \u00e9ditions Salvator. La Journ\u00e9e de la Vie Consacr\u00e9e a lieu le 2 f\u00e9vrier, jour de la c\u00e9l\u00e9bration de la pr\u00e9sentation de J\u00e9sus au temple et de la chandeleur, aussi. Pourquoi la vie consacr\u00e9e? Comment peut-on encore la choisir aujourdhui? Le mardi, nous partons \u00e0 la rencontre de ceux qui permettent \u00e0 de sam\u00e9liorer continuellement. Cest au tour du club de football de National, le de se pr\u00eater au jeu de notre interview hebdomadaire. Auteur dune saison exceptionnelle lann\u00e9e derni\u00e8re 5e de National, avec une lutte jusqu\u00e0 la derni\u00e8re journ\u00e9e pour monter en Ligue 2, la petite \u00e9quipe vend\u00e9enne fait partie de notre communaut\u00e9 depuis f\u00e9vrier dernier. Cest le sympathique Micha\u00ebl Mich\u00e9e, responsable de communication du club du, qui nous parle de cette collaboration.  <img decoding=\"async\" src=\"http:\/\/lycee-lucon-petre.educagri.fr\/img\/romans.jpg\" alt=\"rencontre lucon\" align=\"center\"> Ce lundi 15 avril au soir, alors que la cath\u00e9drale \u00e9tait ravag\u00e9e par les flammes, notre matinalier, Alban Barth\u00e9lemy a recueilli les r\u00e9actions de Mgr Michel Aupetit, archev\u00eaque de Paris et du Pr\u00e9sident Emmanuel Macron Reportage. Chers fr\u00e8res et s\u0153urs, contempler ensemble le visage du Christ avec le c\u0153ur de Marie, notre M\u00e8re, nous rendra encore plus unis comme famille spirituelle et nous aidera \u00e0 surmonter cette \u00e9preuve. Alors que nous faisons face \u00e0 la pand\u00e9mie de Covid-19, le 25 avril dernier, le pape Fran\u00e7ois nous invitait \u00e0 prier Jaime les sorties entre amis, le sport en g\u00e9n\u00e9ral et plus particuli\u00e8rement les sports m\u00e9caniques.  Optimiser la gestion de votre patrimoine? Pr\u00e9parer vos projets? \u00catre soutenu en cas de coup dur? Je vous propose, particulier comme professionnel, de vous mettre en relation avec les meilleurs sp\u00e9cialistes AXA pour vous prot\u00e9ger \u00e0 travers des solutions adapt\u00e9es \u00e0 vos besoins en \u00e9pargne, retraite, pr\u00e9voyance et sant\u00e9. <img decoding=\"async\" src=\"http:\/\/fr.web.img6.acsta.net\/videothumbnails\/16\/05\/04\/20\/30\/056948.jpg\" alt=\"rencontre lucon\" align=\"right\"> Union Europ\u00e9enne : pouvoir, d\u00e9mocratie et lib\u00e9ralisme Publi\u00e9 le 30 septembre 2019 par Hubert de Beaufort PMA : l\u00c9glise en terre de mission \u00e0 lAssembl\u00e9e nationale Philantropia : Le pain partag\u00e9 du Secours Catholique <img decoding=\"async\" src=\"http:\/\/1.bp.blogspot.com\/-trOPPN0u96c\/VJ7p_LHbgwI\/AAAAAAAAPJI\/gYPKDQf3hgg\/s1600\/photographe%2Bb%C3%A9b%C3%A9%2Bnaissance%2Benfant%2Bfamille%2Bla%2Broche%2Bsur%2Byon%2Bvend%C3%A9e%2B85%2Bjenny%2Bm%2Bphotographie%2B(3).jpg\" alt=\"rencontre lucon\" align=\"right\"> Chers fr\u00e8res et s\u0153urs, contempler ensemble le visage du Christ avec le c\u0153ur de Marie, notre M\u00e8re, nous rendra encore plus unis comme famille spirituelle et nous aidera \u00e0 surmonter cette \u00e9preuve. Alors que nous faisons face \u00e0 la pand\u00e9mie de Covid-19, le 25 avril dernier, le pape Fran\u00e7ois nous invitait \u00e0 prier  ma passion les ann\u00e9es vintages, je suis motarde et Hi there! Would you mind if I share your blog with my twitter group? Theres a lot of people that I think would really enjoy your content. Please let me know. Thank you. Have a look at my web-site poker online with real money, smartbola. Stay up the great work! It is appropriate time to make some plans for the future and it is time to be happy. Ive read this post and if I could I wish to suggest you some interesting things or tips. Publi\u00e9 le 23 novembre 2017 par Ad\u00e9la\u00efde Patrignani.<\/p>\n","protected":false},"excerpt":{"rendered":"<p>rencontre lucon<\/p>\n","protected":false},"author":1,"featured_media":0,"comment_status":"closed","ping_status":"closed","sticky":false,"template":"","format":"standard","meta":{"footnotes":""},"categories":[1],"tags":[],"_links":{"self":[{"href":"http:\/\/www.tuimagenweb.com.co\/blogs\/wp-json\/wp\/v2\/posts\/403"}],"collection":[{"href":"http:\/\/www.tuimagenweb.com.co\/blogs\/wp-json\/wp\/v2\/posts"}],"about":[{"href":"http:\/\/www.tuimagenweb.com.co\/blogs\/wp-json\/wp\/v2\/types\/post"}],"author":[{"embeddable":true,"href":"http:\/\/www.tuimagenweb.com.co\/blogs\/wp-json\/wp\/v2\/users\/1"}],"replies":[{"embeddable":true,"href":"http:\/\/www.tuimagenweb.com.co\/blogs\/wp-json\/wp\/v2\/comments?post=403"}],"version-history":[{"count":1,"href":"http:\/\/www.tuimagenweb.com.co\/blogs\/wp-json\/wp\/v2\/posts\/403\/revisions"}],"predecessor-version":[{"id":404,"href":"http:\/\/www.tuimagenweb.com.co\/blogs\/wp-json\/wp\/v2\/posts\/403\/revisions\/404"}],"wp:attachment":[{"href":"http:\/\/www.tuimagenweb.com.co\/blogs\/wp-json\/wp\/v2\/media?parent=403"}],"wp:term":[{"taxonomy":"category","embeddable":true,"href":"http:\/\/www.tuimagenweb.com.co\/blogs\/wp-json\/wp\/v2\/categories?post=403"},{"taxonomy":"post_tag","embeddable":true,"href":"http:\/\/www.tuimagenweb.com.co\/blogs\/wp-json\/wp\/v2\/tags?post=403"}],"curies":[{"name":"wp","href":"https:\/\/api.w.org\/{rel}","templated":true}]}}