{"id":409,"date":"2020-09-19T07:09:16","date_gmt":"2020-09-19T07:09:16","guid":{"rendered":"http:\/\/www.tuimagenweb.com.co\/blogs\/?p=409"},"modified":"2020-09-18T20:50:25","modified_gmt":"2020-09-18T20:50:25","slug":"rencontres-brossel","status":"publish","type":"post","link":"http:\/\/www.tuimagenweb.com.co\/blogs\/2020\/09\/19\/rencontres-brossel\/","title":{"rendered":"Rencontres Brossel"},"content":{"rendered":"<p>A Angres comme ailleurs, la politique dexpulsion se poursuit!  Assister \u00e0 cette r\u00e9union en tant que service civique fut stimulant, puisque cela ma permis de comprendre le r\u00f4le des diff\u00e9rents acteurs institutionnels et associatifs, et de d\u00e9terminer leur rapport, leur relation. Il \u00e9tait \u00e9galement int\u00e9ressant de constater que les Equipes de D\u00e9veloppement Local EDL ne sont pas toujours des acteurs connus de tous, alors quils sont des partenaires de premier rang pour certaines associations comme la n\u00f4tre. Page32 pour \u00e9rythr\u00e9en.ne.s : service national obligatoire, crainte en cas de retour puisque sortie ill\u00e9gale du pays. La facult\u00e9 des Lettres est lune des plus compl\u00e8tes et des plus importantes, en France et dans le monde, dans le domaine des arts, langues, lettres, sciences humaines et sociales. Ses domaines de sp\u00e9cialit\u00e9 sont multiples : les lettres classiques et modernes, les langues, lettres et civilisations \u00e9trang\u00e8res, la linguistique, la philosophie, la sociologie, lhistoire, la g\u00e9ographie, lhistoire de lart et larch\u00e9ologie, la musicologie, les sciences de linformation et de la communication, les sciences de l\u00e9ducation et la formation des enseignantes et enseignants. 91-105, Bd de lH\u00f4pital-75013 Paris Site Saint-Antoine Prix des Trois Physiciens-Michel Brune Award ceremony and special seminar by the 2017 recipient of the Prix des Trois Physiciens, 17h15 en salle Dussane, ENS, 45 rue dUlm  \u03bf\u03c1\u03b3\u03ac\u03bd\u03c9\u03c3\u03b7 portfolio \u03c3\u03c4\u03bf \u03bd\u03b7\u03c0\u03b9\u03b1\u03b3\u03c9\u03b3\u03b5\u03af\u03bf \u03ba\u03b1\u03c1\u03c4\u03b5\u03c2 \u03b3\u03c1\u03b1\u03c6\u03b9\u03ba\u03c9\u03bd \u03b3\u03b9\u03b1 gaming 2014 \u03bf\u03b9 \u03ba\u03b1\u03bb\u03c5\u03c4\u03b5\u03c1\u03b5\u03c2 \u03b1\u03c3\u03c4\u03c5\u03bd\u03bf\u03bc\u03b9\u03ba\u03b5\u03c2 \u03c0\u03b5\u03c1\u03b9\u03c0\u03b5\u03c4\u03b5\u03b9\u03b5\u03c2 2014 \u03b1\u03c3\u03ba\u03b7\u03c3\u03b5\u03b9\u03c2 \u03ba\u03b1\u03c4\u03b1\u03bd\u03bf\u03b7\u03c3\u03b7\u03c2 \u03ba\u03b5\u03b9\u03bc\u03b5\u03bd\u03bf\u03c5 \u03b4 \u03b4\u03b7\u03bc\u03bf\u03c4\u03b9\u03ba\u03bf\u03c5 \u03c7\u03b5\u03bb\u03c9\u03bd\u03bf\u03bd\u03b9\u03bd\u03c4\u03b6\u03b1\u03ba\u03b9\u03b1 2014 imdb \u03bb\u03c5\u03c3\u03b7 \u03ba\u03b1\u03c4\u03b1\u03c3\u03c4\u03b1\u03c4\u03b9\u03ba\u03bf\u03c5 \u03bf \u03b5 \u03c5\u03c0\u03bf\u03b4\u03b5\u03b9\u03b3\u03bc\u03b1 Souhaitez-vous simplifier vos d\u00e9marches ult\u00e9rieures avec la Mairie de Paris en sauvegardant dans votre espace Mon Compte les informations que vous venez dajouter ou de modifier? Seules les donn\u00e9es non certifi\u00e9es seront mises \u00e0 jour. <img decoding=\"async\" src=\"http:\/\/4.bp.blogspot.com\/-1iIpK_vWxE\/UKM-3xdBhtI\/AAAAAAAAAbw\/b08yFR1xLe8\/s1600\/Jardin+de+Lisons+3+001.JPG\" alt=\"rencontres brossel\" align=\"right\"> Mis \u00e0 jour le 24 juillet 2019 par V\u00e9ronique VAILLANT.  Soutenez-nous! Soutenons-nous! Soyons nombreux! lenvironnement, le d\u00e9veloppement durable dans les Colombe Brossel, adjointe au Maire de Paris charg\u00e9e de la vie scolaire et de la r\u00e9ussite \u00e9ducative, le 21 mars 2013 A. GELEBART 20 MINUTES Les ce mardi pour r\u00e9clamer une am\u00e9lioration de leurs conditions de travail apr\u00e8s la mise en \u0153uvre des nouveaux. Que r\u00e9pondez-vous \u00e0 leurs revendications? Si les modalit\u00e9s de lop\u00e9ration de d\u00e9mant\u00e8lement restent \u00e0 d\u00e9cider avec la commune, Fabien Sudry assure que lintervention sera assortie de propositions de mise \u00e0 labri. Nous leur proposerons des places en centres dh\u00e9bergement et, sil y a des mineurs, ils seront mis \u00e0 labri au titre de la protection de lenfance dans des centres habilit\u00e9s. <img decoding=\"async\" src=\"http:\/\/www.arvidvandersson.tk\/Public\/Files\/material_category\/balsamique_4f29782446.jpg\" alt=\"rencontres brossel\" align=\"right\"> Arts, langues, lettres, sciences humaines et sociales 3\u20e3 La station biologique de Roscoff, un centre de recherche et denseignement en biologie marine et en oc\u00e9anologie. This feature is not available right now. Please try again later. Fran\u00e7aise pour lUNESCO et lAcad\u00e9mie des sciences, A lorigine du projet, un professeur dAnglais, Vincent de Reu, lui m\u00eame b\u00e9n\u00e9vole au secours catholique. Dans le cadre de la quinzaine de la citoyennet\u00e9, au coll\u00e8ge Savio, il se dit \u00e9mu de pouvoir transmettre cela aux \u00e9l\u00e8ves, de leur montrer quil ny a pas quune fa\u00e7on de voir les choses, \u00e7a les fait r\u00e9fl\u00e9chir sur leur adolescence privil\u00e9gi\u00e9e. Pr\u00e9venez-moi de tous les nouveaux articles par e-mail. \u0399\u03c3\u03c4\u03bf\u03c1\u03b9\u03b1\u03c2 \u03b4 \u03b4\u03b7\u03bc\u03bf\u03c4\u03b9\u03ba\u03bf\u03c5 \u03c4\u03b5\u03c4\u03c1\u03b1\u03b4\u03b9\u03bf \u03b5\u03c1\u03b3\u03b1\u03c3\u03b9\u03c9\u03bd \u03bb\u03c5\u03c3\u03b5\u03b9\u03c2 \u03a4\u03bf \u03c0\u03c1\u03bf\u03ca\u03cc\u03bd \u03ad\u03c7\u03b5\u03b9 \u03ae\u03b4\u03b7 \u03c0\u03c1\u03bf\u03c3\u03c4\u03b5\u03b8\u03b5\u03af Marie-Anne F\u00e9lix, Directrice de recherche au CNRS, <img decoding=\"async\" src=\"http:\/\/www.kisakurekb.tk\/UserFiles\/local-miniatures\/UserFiles\/AnimHome\/thumbresize\/1800-600\/photo_352.jpg\" alt=\"rencontres brossel\" align=\"left\">.<\/p>\n","protected":false},"excerpt":{"rendered":"<p>rencontres brossel<\/p>\n","protected":false},"author":1,"featured_media":0,"comment_status":"closed","ping_status":"closed","sticky":false,"template":"","format":"standard","meta":{"footnotes":""},"categories":[1],"tags":[],"_links":{"self":[{"href":"http:\/\/www.tuimagenweb.com.co\/blogs\/wp-json\/wp\/v2\/posts\/409"}],"collection":[{"href":"http:\/\/www.tuimagenweb.com.co\/blogs\/wp-json\/wp\/v2\/posts"}],"about":[{"href":"http:\/\/www.tuimagenweb.com.co\/blogs\/wp-json\/wp\/v2\/types\/post"}],"author":[{"embeddable":true,"href":"http:\/\/www.tuimagenweb.com.co\/blogs\/wp-json\/wp\/v2\/users\/1"}],"replies":[{"embeddable":true,"href":"http:\/\/www.tuimagenweb.com.co\/blogs\/wp-json\/wp\/v2\/comments?post=409"}],"version-history":[{"count":1,"href":"http:\/\/www.tuimagenweb.com.co\/blogs\/wp-json\/wp\/v2\/posts\/409\/revisions"}],"predecessor-version":[{"id":410,"href":"http:\/\/www.tuimagenweb.com.co\/blogs\/wp-json\/wp\/v2\/posts\/409\/revisions\/410"}],"wp:attachment":[{"href":"http:\/\/www.tuimagenweb.com.co\/blogs\/wp-json\/wp\/v2\/media?parent=409"}],"wp:term":[{"taxonomy":"category","embeddable":true,"href":"http:\/\/www.tuimagenweb.com.co\/blogs\/wp-json\/wp\/v2\/categories?post=409"},{"taxonomy":"post_tag","embeddable":true,"href":"http:\/\/www.tuimagenweb.com.co\/blogs\/wp-json\/wp\/v2\/tags?post=409"}],"curies":[{"name":"wp","href":"https:\/\/api.w.org\/{rel}","templated":true}]}}