{"id":507,"date":"2020-09-19T16:53:54","date_gmt":"2020-09-19T16:53:54","guid":{"rendered":"http:\/\/www.tuimagenweb.com.co\/blogs\/?p=507"},"modified":"2020-09-19T00:33:19","modified_gmt":"2020-09-19T00:33:19","slug":"jmj-rencontre","status":"publish","type":"post","link":"http:\/\/www.tuimagenweb.com.co\/blogs\/2020\/09\/19\/jmj-rencontre\/","title":{"rendered":"Jmj Rencontre"},"content":{"rendered":"<p>\u00c0 Aparecida, au Br\u00e9sil, le 24 juillet 2013. Photo dillustration. Exp\u00e9rience de rencontre avec Dieu lui-m\u00eame qui se donne non seulement \u00e0 chaque rencontre, mais surtout dans son Eucharistie que nous c\u00e9l\u00e9brions chaque jour au monast\u00e8re avec le dioc\u00e8se de Montauban puis \u00e0 la paroisse de lImmacul\u00e9e Conception avec dautres groupes francophones dioc\u00e8se de Vannes, dAvignon, mais aussi de C\u00f4te dIvoire, du B\u00e9nin. Exp\u00e9rience particuli\u00e8rement forte de cette rencontre de J\u00e9sus-Eucharistie lors de la veill\u00e9e du samedi sur le campus Jean-Paul II : des milliers de jeunes dans un plein et profond silence en adoration devant Lui, tenu dans les bras de Marie. Image forte que je ne suis pas pr\u00eate doublier : ces jeunes ont quelque chose \u00e0 nous apprendre de la pri\u00e8re dadoration Apache2.4.25 Debian Server at www.catholique-nancy.fr Port 443 Imaginez maintenant que les ap\u00f4tres, ces cr\u00e9atures humaines, furent remplis de cela. Cest Paul qui nous explique la pentec\u00f4te comme cela pas moi en disant dans la lettre aux romains, chapitre 5 verset 5 Lamour de Dieu a \u00e9t\u00e9 r\u00e9pandus dans nos c\u0153urs cela ne signifie pas notre amour pour Dieu mais lamour de Dieu pour nous par le Saint Esprit qui nous a \u00e9t\u00e9 donn\u00e9. Pourquoi ne pas le dire ensemble maintenant : lAmour de Dieu a \u00e9t\u00e9 r\u00e9pandus dans nos c\u0153urs par le Saint Esprit qui nous a \u00e9t\u00e9 donn\u00e9. \u00c7a, cest une explication synth\u00e9tique de la pentec\u00f4te. La pentec\u00f4te cest une exp\u00e9rience r\u00e9elle et inoubliable. De fait, \u00e0 partir de ce moment nous voyons les ap\u00f4tres changer compl\u00e9tement, se sont de nouvelles cr\u00e9atures : pas de timidit\u00e9, pas de peur, pas dhypocrisie, pas de querelles Nous verrons qu\u00e0 partir de ce moment-l\u00e0 lesap\u00f4tres sont compl\u00e8tement chang\u00e9s. Le souverain pontife a encore surpris hier, mercredi 27 juillet, en sadressant aux jeunes depuis le palais \u00e9piscopal de Cracovie Pologne et en leur adressant un message plut\u00f4t inattendu. La premi\u00e8re grande rencontre entre le et les jeunes \u00e9tait pr\u00e9vue ce soir ici \u00e0 Cracovie pour les JMJ, Journ\u00e9es mondiales de la jeunesse. Mais d\u00e8s hier soir, le pape na pas r\u00e9sist\u00e9 et est sorti du protocole. \u00c0 la fente de larchev\u00each\u00e9 que lon appelle fen\u00eatre Jean-Paul II, le pape sest adress\u00e9 \u00e0 la foule, explique Fran\u00e7ois Beaudonnet, en direct de Cracovie Pologne. Presque aussi populaire que Jean-Paul II Derri\u00e8re son \u00e9paisse barbe rousse, Pierre Van Eeden affiche un rictus amer. Une ombre inqui\u00e8te assombrit en permanence les yeux bleus du jeune agriculteur, qui tire nerveusement sur sa cigarette. Cela fait quatre g\u00e9n\u00e9rations que sa famille cultive la terre, tout pr\u00e8s de la ville de Kroonstad. La bourgade est situ\u00e9e \u00e0 quelque 200 kilom\u00e8tres au sud de Johannesburg, dans la r\u00e9gion du Free State, lune des cinq provinces class\u00e9es zone de catastrophe naturelle ces derni\u00e8res semaines, \u00e0 cause de la s\u00e9cheresse. Quil est difficile, souvent, de comprendre lamour de Dieu! Mais, quel don cest de savoir que nous avons un P\u00e8re qui nous embrasse au-del\u00e0 de toutes nos imperfections! Le premier pas consiste \u00e0 ne pas avoir peur de recevoir la vie comme elle vient, dembrasser la vie! perceived air temperature as combination of heat index and wind chill Un reportage est d\u00e9crypt\u00e9 par son auteur et le pr\u00e9sentateur de la tranche dinformation. <img decoding=\"async\" src=\"http:\/\/www.msj-france.fr\/wp-content\/uploads\/2013\/01\/20160727_1.jpeg\" alt=\"jmj rencontre\" align=\"center\"> <img decoding=\"async\" src=\"http:\/\/blog.jeunes-cathos.fr\/wp-content\/uploads\/sites\/13\/2016\/06\/IMG_8708.jpg\" alt=\"jmj rencontre\" align=\"center\"> <img decoding=\"async\" src=\"http:\/\/gabon-ofmcap.com\/wp-content\/gallery\/jmj\/DSC04034.JPG\" alt=\"jmj rencontre\" align=\"right\"> Cet \u00e9pisode est un exemple du manque dorganisation reconnu par les autorit\u00e9s de la ville de Rio. Elles sattribuent dailleurs la note de 010. S\u00e9v\u00e8re bulletin, \u00e0 un an de la Coupe du monde que le Br\u00e9sil accueillera.. 14H45 Des milliers de scouts attendus samedi pour une veill\u00e9e g\u00e9ante sur Youtube Deuxi\u00e8me semaine \u00e0 Panama City avec la foule des jeunes du monde entier autour du pape Fran\u00e7ois. En abordant un sujet dactualit\u00e9 occupant de mani\u00e8re centrale le d\u00e9bat public, un documentaire permet \u00e0 chacun denrichir son point de vue sur un monde en perp\u00e9tuel changement. LObs-Les marques ou contenus du site nouvelobs.com sont soumis \u00e0 la protection de la propri\u00e9t\u00e9 intellectuelle   Retrouvez le, qui donne des nouvelles r\u00e9guli\u00e8res de nos activit\u00e9s. Notre t\u00e9moignage de chr\u00e9tiens portera dautant mieux que notre expression sera empreinte de bienveillance et de charit\u00e9. Le Pape Fran\u00e7ois et le dicast\u00e8re pour les La\u00efcs, la Famille et la Vie ont d\u00e9cid\u00e9, au vue de la situation sanitaire mondiale, et de ses cons\u00e9quences sur les d\u00e9placements et les rassemblements de jeunes et de familles, de reporter dune ann\u00e9e deux rencontres attendues lann\u00e9e prochaine et en 2022. Cest ce qua annonc\u00e9 ce lundi 20 avril le directeur de la Salle de Presse du Saint-Si\u00e8ge, Matteo Bruni. Premier t\u00e9moignage sur le livre dune lectrice : Un livre que je pr\u00eate \u00e0 ma m\u00e8re pour parler \u00e0 son petit-fils sur Facebook! Annick F. Dans une \u00e9mission sp\u00e9ciale Halloween, Marcus re\u00e7oit malgr\u00e9 lui limmonde Freddy Krueger. \u00c7a ne lemp\u00eachera pas de parler des jeux qui font peur dans lesquels on incarne des gentils, mais aussi des m\u00e9chants.  Un reportage est d\u00e9crypt\u00e9 par son auteur et le pr\u00e9sentateur de la tranche dinformation. J\u00e9sus pour lhumanit\u00e9, et annoncez \u00e0 tous quil ny Gustavo, permanent de Fondacio en Colombie pour les jeunes.<\/p>\n","protected":false},"excerpt":{"rendered":"<p>jmj rencontre<\/p>\n","protected":false},"author":1,"featured_media":0,"comment_status":"closed","ping_status":"closed","sticky":false,"template":"","format":"standard","meta":{"footnotes":""},"categories":[1],"tags":[],"_links":{"self":[{"href":"http:\/\/www.tuimagenweb.com.co\/blogs\/wp-json\/wp\/v2\/posts\/507"}],"collection":[{"href":"http:\/\/www.tuimagenweb.com.co\/blogs\/wp-json\/wp\/v2\/posts"}],"about":[{"href":"http:\/\/www.tuimagenweb.com.co\/blogs\/wp-json\/wp\/v2\/types\/post"}],"author":[{"embeddable":true,"href":"http:\/\/www.tuimagenweb.com.co\/blogs\/wp-json\/wp\/v2\/users\/1"}],"replies":[{"embeddable":true,"href":"http:\/\/www.tuimagenweb.com.co\/blogs\/wp-json\/wp\/v2\/comments?post=507"}],"version-history":[{"count":1,"href":"http:\/\/www.tuimagenweb.com.co\/blogs\/wp-json\/wp\/v2\/posts\/507\/revisions"}],"predecessor-version":[{"id":508,"href":"http:\/\/www.tuimagenweb.com.co\/blogs\/wp-json\/wp\/v2\/posts\/507\/revisions\/508"}],"wp:attachment":[{"href":"http:\/\/www.tuimagenweb.com.co\/blogs\/wp-json\/wp\/v2\/media?parent=507"}],"wp:term":[{"taxonomy":"category","embeddable":true,"href":"http:\/\/www.tuimagenweb.com.co\/blogs\/wp-json\/wp\/v2\/categories?post=507"},{"taxonomy":"post_tag","embeddable":true,"href":"http:\/\/www.tuimagenweb.com.co\/blogs\/wp-json\/wp\/v2\/tags?post=507"}],"curies":[{"name":"wp","href":"https:\/\/api.w.org\/{rel}","templated":true}]}}