{"id":515,"date":"2020-09-19T02:54:35","date_gmt":"2020-09-19T02:54:35","guid":{"rendered":"http:\/\/www.tuimagenweb.com.co\/blogs\/?p=515"},"modified":"2020-09-19T01:18:01","modified_gmt":"2020-09-19T01:18:01","slug":"rencontre-hollande-le-pen","status":"publish","type":"post","link":"http:\/\/www.tuimagenweb.com.co\/blogs\/2020\/09\/19\/rencontre-hollande-le-pen\/","title":{"rendered":"Rencontre Hollande Le Pen"},"content":{"rendered":"<p>Le prince Harry, duc de Sussex, et Meghan Markle, duchesse de Sussex arrivent \u00e0 la c\u00e9r\u00e9monie des En AGENCE BESTIMAGE  <img decoding=\"async\" src=\"http:\/\/www.actuabd.com\/local\/cache-vignettes\/L450xH615\/x38-2-23c61.jpg,q1533128899.pagespeed.ic.EeyMgfyAfy.jpg\" alt=\"rencontre hollande le pen\" align=\"right\"> De quand date cette tradition? Sans doute du mandat de Fran\u00e7ois Mitterrand, lorsque le pr\u00e9sident socialiste avait, juste apr\u00e8s sa r\u00e9\u00e9lection, consult\u00e9 sur la situation politique les chefs de partis ainsi que son pr\u00e9d\u00e9cesseur, Val\u00e9ry Giscard dEstaing, re\u00e7u \u00e0 l\u00c9lys\u00e9e le 13 mai 1988. Ironie de la politique : sept ans plus t\u00f4t, la gauche et Mitterrand navaient pas voulu de la d\u00e9crispation souhait\u00e9e par VGE. Aujourdhui, cette initiative est donc devenue une tradition quand se pose un probl\u00e8me politique ou quun drame frappe le pays. Wejdene cartonne sur les r\u00e9seaux avec Anissa. Capture Instagram Reprenez un temps davance avec Les Echos. Abonnez-vous d\u00e8s maintenant! Elles nous ont offert lun des duos les plus embl\u00e9matiques des ann\u00e9es 2000. Dans Confessions nocturnes, Vitaa et Diams nont pas eu beaucoup de mal \u00e0 jouer deux amies. Tr\u00e8s proches dans la vraie vie, les deux artistes ont ensuite pris des chemins diff\u00e9rents. Si la chanteuse continue de truster les meilleures ventes dalbum et reprendra sa tourn\u00e9e avec Slimane dans quelques semaines, Diams, elle, a tout arr\u00eat\u00e9. Il y a quelques ann\u00e9es, la rappeuse a raccroch\u00e9 le micro et est partie sinstaller en Arabie Saoudite avec son mari. Mais sont-elles toujours en contact? Et la r\u00e9ponse est oui. Il y a peu, M\u00e9lanie Georgiades de son vrai nom sest lanc\u00e9 un nouveau d\u00e9fi et a ouvert une agence de voyages sp\u00e9cialis\u00e9e en tourisme religieux. Et sur Instagram, comme le rapporte Public, lex-rappeuse a tenu \u00e0 remercier Vitaa. Je tai connu pour le business. Nous sommes devenues amies, complices., a-t-elle \u00e9crit. Et puis un jour nous sommes devenues s\u0153urs. Un jour peut-\u00eatre, on leur racontera lincroyable histoire qui nous unit. Je taime M\u00e9lanie.Toujours sur le r\u00e9seau social, Diams expliquait la raison qui lavait pouss\u00e9 \u00e0 quitter le monde de la musique. Javais \u00e9puis\u00e9 mon int\u00e9r\u00eat pour le milieu apr\u00e8s avoir tout gagn\u00e9 dans le business de la musique mais aussi tout perdu humainement. Javais besoin de souffler, de retrouver une vie normale, avec des gens normaux et lhumilit\u00e9, a confi\u00e9 linterpr\u00e8te de Dans ma bulle. Il ne faut pas se leurrer lorsque vous \u00eates c\u00e9l\u00e8bre et admir\u00e9e, vous d\u00e9veloppez forc\u00e9ment une part de suffisance. Combien de stars passent leur vie \u00e0 se donner un genre, cach\u00e9es derri\u00e8re des lunettes ou des chapeaux, \u00e0 entretenir le myst\u00e8re sur elles. Il y a quelques mois dans les colonnes de Gala, Vitaa revenait sur la fin de la carri\u00e8re de son amie : Elle ma emmen\u00e9e partout. Jai appris le m\u00e9tier avec elle, et je lai vu devenir malheureuse alors quelle a toujours tout donn\u00e9. Je sais que la musique peut faire mal.Diams se lance dans un tout nouveau projetElle est tr\u00e8s heureuse de la vie quelle m\u00e8ne, tr\u00e8s loin de tout \u00e7a, concluait Vitaa. A La Provence, elle faisait de tendres confidences sur leur amiti\u00e9 : On partage nos vies de femme. Elle est maman comme moi. D\u00e8s quelle vient en France, on passe du temps ensemble. Cest vraiment mon amie, et elle est tr\u00e8s heureuse dans son choix de vie. Certains ont du mal \u00e0 le comprendre. Mais elle est tellement heureuse comme \u00e7a que je comprends ses choix. Mais jentends aussi quelle manque aux gens. Tr\u00e8s discr\u00e8te depuis quelle a quitt\u00e9 la France, Diams a r\u00e9cemment pris la parole pour r\u00e9v\u00e9ler son tout nouveau projet. Depuis mon premier voyage dans les lieux saints, je nourris un r\u00eave, expliquait-elle : celui douvrir ma propre agence de voyages et doffrir \u00e0 mes fr\u00e8res et s\u0153urs la possibilit\u00e9 de venir faire la Omra dans les meilleures conditions, en toute confiance et en toute s\u00e9r\u00e9nit\u00e9. <img decoding=\"async\" src=\"http:\/\/s1.lprs1.fr\/images\/2017\/01\/08\/6538881_1-0-963141093_1000x625.jpg\" alt=\"rencontre hollande le pen\" align=\"center\"> Sylvie Vartan et Johnny Hallyday ont v\u00e9cu une relation passionn\u00e9e, faite de hauts et de bas. Les anciens amoureux ont \u00e9t\u00e9 un couple phare des ann\u00e9es y\u00e9-y\u00e9. Ils se sont rencontr\u00e9s par linterm\u00e9diaire du fr\u00e8re de la chanteuse, Eddie. Cest le coup de foudre. Ils scellent leur amour lors dun mariage ultra m\u00e9diatis\u00e9-au grand dam de linterpr\u00e8te de La plus belle pour aller danser-le 12 avril 1965 \u00e0 Loconville, dans lOise. 2 000 fans et pas moins de 200 journalistes sont pr\u00e9sents, un vrai cirque, a-t-elle d\u00e9plor\u00e9 plus tard, comme le rappelle Ici Paris dans ses colonnes.David Hallyday nait peu apr\u00e8s, le 14 ao\u00fbt 1966. Il sera leur seul enfant ensemble puisque huit ans plus tard, le couple traverse un drame. Une \u00e9preuve de plus \u00e0 endurer pour la chanteuse, apr\u00e8s les multiples infid\u00e9lit\u00e9s de Johnny Hallyday.Un bonheur de courte dur\u00e9eEn f\u00e9vrier 1974, quand Sylvie annonce sa deuxi\u00e8me grossesse, beaucoup y voient comme un signe du destin. Finalement, leur histoire nest peut-\u00eatre pas encore finie. Huit ans apr\u00e8s la naissance de David, Sylvie est folle de joie \u00e0 lid\u00e9e de pouponner.. Un bonheur de courte dur\u00e9e puisque la chanteuse perd son b\u00e9b\u00e9, relate Ici Paris.Sylvie Vartan a le cuir tann\u00e9 par les coups durs. En plus de sa fausse couche, de son divorce douloureux davec Johnny Hallyday, la chanteuse a v\u00e9cu deux accidents de la route \u00e9prouvants. Lors du premier, survenu sur une route d\u00e9partementale pr\u00e8s de Bois-dArcy, dans les Yvelines, en 1968-elle avait 24 ans-elle perd sa meilleure amie et marraine de son fils, Mercedes Calmel Mend\u00e8s.Durant le second, pr\u00e8s de Besan\u00e7on, elle est aux c\u00f4t\u00e9s de Johnny Hallyday. Sylvie Vartan se retrouve d\u00e9figur\u00e9e et se fait hospitaliser \u00e0 New York, aux Etats-Unis. La rencontre des lyc\u00e9ens de Darchicourt avec Fran\u00e7ois Hollande <img decoding=\"async\" src=\"http:\/\/www.lepoint.fr\/images\/2014\/01\/10\/gayet-hollande-closer-2331262-jpg_2008619_660x281.JPG\" alt=\"rencontre hollande le pen\" align=\"center\"> \u00c9lections r\u00e9gionales de 2004-sur le site du minist\u00e8re de lInt\u00e9rieur. Depuis le d\u00e9but du printemps 2020, Ben Affleck file le parfait amour avec Ana de Armas. Apr\u00e8s plusieurs mois, lacteur am\u00e9ricain et lactrice cubaine ont m\u00eame d\u00e9cid\u00e9 dofficialiser leur relation sur les r\u00e9seaux sociaux, le 1er mai dernier, \u00e0 loccasion des 32 ans de la jeune femme, quelle avait c\u00e9l\u00e9br\u00e9s la veille. Ces derniers mois, Ana de Arma a \u00e9t\u00e9 photographi\u00e9e avec toujours le m\u00eame collier \u00e0 son cou. Un bijou pr\u00e9cieux \u00e0 la signification importante.Que ce soit pour promener leurs chiens ou pour aller faire des courses, Ben Affleck et Ana de Armas ont \u00e9t\u00e9 photographi\u00e9s de nombreuses fois ces derniers temps, \u00e0 Los Angeles, toujours avec un masque sur le visage. Et constamment, la jeune femme porte autour du cou un collier dor\u00e9, que lon doit \u00e0 la maison Foundrae, adul\u00e9e des c\u00e9l\u00e9brit\u00e9s dont January Jones, Kristen Bell, Kristen Stewart et Gwyneth Paltrow. Selon les informations de Page Six, il sagirait dun collier en or 18 carats, compos\u00e9 dun large pendentif sur lequel est dessin\u00e9e une t\u00eate de lion, avec des diamants, le tout autour dune cha\u00eene. Le collier intitul\u00e9 Force est disponible sur le-shop de la marque, pour la coquette somme de 8.515 dollars, soit plus de 7.500 euros.Un collier symbolisant la force et la croissanceEt ce nest pas tout. Ana de Armas a eu envie de personnaliser son bijou, en ajoutant un m\u00e9daillon suppl\u00e9mentaire. Il sagit dun collier avec une lune, cinq petites \u00e9toiles et des diamants. \u00c9galement disponible sur le-shop de la marque, le m\u00e9daillon vaut 3.300 dollars, soit plus de 2.900 euros. Sur le site de Foundrae, le premier pendantif repr\u00e9sente la force. La force est int\u00e9rieure. Nous en avons tous, mais parfois elle sessouffle, et parfois nous avons vraiment besoin de lappeler, peut-on lire sur le site. Quant au m\u00e9daillon avec la lune, lui repr\u00e9sente le voyage de la croissance quotidienne. Le prince Albert II de Monaco, la princesse Charl\u00e8ne de Monaco-Le mardi 2 juin 2020 \u00e0 Monaco, ce j Claudia Albuquerque Bestimage  Saint-Gobain con\u00e7oit, produit et distribue des mat\u00e9riaux et des solutions pens\u00e9s pour le bien-\u00eatre de chacun et lavenir de tous. Ces mat\u00e9riaux se trouvent partout dans notre habitat et notre vie quotidienne : b\u00e2timents, transports, infrastructures, ainsi que dans de nombreuses applications industrielles. Ils apportent confort, performance et s\u00e9curit\u00e9 tout en r\u00e9pondant aux d\u00e9fis de la construction durable, de la gestion efficace des ressources et du changement climatique. Lex-pr\u00e9sident de la R\u00e9publique Fran\u00e7ois Hollande \u00e9tait mercredi au cimeti\u00e8re des GrandMaisons \u00e0 Jarnac.. Publi\u00e9 le 09012020 If you are on a personal connection, like at home, you can run an anti-virus scan on your device to make sure it is not infected with malware. Apr\u00e8s le Brexit, Hollande a re\u00e7u les chefs de parti \u00e0 lElys\u00e9e Fran\u00e7ois Hollande doit intervenir aupr\u00e8s des lyc\u00e9ens sur le fonctionnement de lUnion europ\u00e9enne, ses comp\u00e9tences, et les politiques quelle met en \u0153uvre, r\u00e9sume dans sa lettre Marine Le Pen, qui y voit une grossi\u00e8re op\u00e9ration de communication visant \u00e0 influer sur leur vision de lUE et par l\u00e0 m\u00eame \u00e0 influencer leur vote. Et dinsister : La rencontre porte atteinte aux fondements \u00e9l\u00e9mentaires de la neutralit\u00e9 politique-elle-m\u00eame inh\u00e9rente au principe de la\u00efcit\u00e9-qui doit pr\u00e9valoir au sein des \u00e9tablissements scolaires, ajoute la cheffe du RN, qui se dit choqu\u00e9e par ce qui sapparente \u00e0 une volont\u00e9 dendoctrinement des \u00e9l\u00e8ves concern\u00e9s.  ALEXANDRE BRASSEUR ET SA FEMME JULIETTE-16 EME EDITION DES TROPHEES D EPONA A CABOURG, LA COURSE COADIC GUIREC BESTIMAGE Poursuivez votre lecture sur ces sujets :.<\/p>\n","protected":false},"excerpt":{"rendered":"<p>rencontre hollande le pen<\/p>\n","protected":false},"author":1,"featured_media":0,"comment_status":"closed","ping_status":"closed","sticky":false,"template":"","format":"standard","meta":{"footnotes":""},"categories":[1],"tags":[],"_links":{"self":[{"href":"http:\/\/www.tuimagenweb.com.co\/blogs\/wp-json\/wp\/v2\/posts\/515"}],"collection":[{"href":"http:\/\/www.tuimagenweb.com.co\/blogs\/wp-json\/wp\/v2\/posts"}],"about":[{"href":"http:\/\/www.tuimagenweb.com.co\/blogs\/wp-json\/wp\/v2\/types\/post"}],"author":[{"embeddable":true,"href":"http:\/\/www.tuimagenweb.com.co\/blogs\/wp-json\/wp\/v2\/users\/1"}],"replies":[{"embeddable":true,"href":"http:\/\/www.tuimagenweb.com.co\/blogs\/wp-json\/wp\/v2\/comments?post=515"}],"version-history":[{"count":1,"href":"http:\/\/www.tuimagenweb.com.co\/blogs\/wp-json\/wp\/v2\/posts\/515\/revisions"}],"predecessor-version":[{"id":516,"href":"http:\/\/www.tuimagenweb.com.co\/blogs\/wp-json\/wp\/v2\/posts\/515\/revisions\/516"}],"wp:attachment":[{"href":"http:\/\/www.tuimagenweb.com.co\/blogs\/wp-json\/wp\/v2\/media?parent=515"}],"wp:term":[{"taxonomy":"category","embeddable":true,"href":"http:\/\/www.tuimagenweb.com.co\/blogs\/wp-json\/wp\/v2\/categories?post=515"},{"taxonomy":"post_tag","embeddable":true,"href":"http:\/\/www.tuimagenweb.com.co\/blogs\/wp-json\/wp\/v2\/tags?post=515"}],"curies":[{"name":"wp","href":"https:\/\/api.w.org\/{rel}","templated":true}]}}