{"id":525,"date":"2020-09-19T13:54:02","date_gmt":"2020-09-19T13:54:02","guid":{"rendered":"http:\/\/www.tuimagenweb.com.co\/blogs\/?p=525"},"modified":"2020-09-19T02:01:18","modified_gmt":"2020-09-19T02:01:18","slug":"rencontre-bouin","status":"publish","type":"post","link":"http:\/\/www.tuimagenweb.com.co\/blogs\/2020\/09\/19\/rencontre-bouin\/","title":{"rendered":"Rencontre Bouin"},"content":{"rendered":"<p>Si vous rechercher un toit au dessus de la t\u00eate ou bien un plan q ou un plan dun soir ou \u00e0 vous faire entretenir, passer votre chemin on gagnera du temps. Je souhaiterai obtenir le classement \u00e9nerg\u00e9tique DPE de ce bien visible sur Ouestfrance-immo.com. Cette r\u00e9ouverture saccompagne de timides pas de Jean Bouin dans le monde du football professionnel, dabord via le Racing Paris-Neuilly, puis par son avatar le RCF Paris-Joinville. Lenceinte accueille \u00e9galement quelques rencontres des premi\u00e8res ann\u00e9es du Paris Saint-Germain qui trouvera cependant avec le Parc des Princes, un stade plus au niveau de ces ambitions. La petite salle peut, quant \u00e0 elle, accueillir 100 personnes assises. Un match \u00e0 lOrange V\u00e9lodrome \u00e0 ce prix-l\u00e0, \u00e7a ne se refuse pas. Du 21 au 24 novembre : pour 2 places achet\u00e9es en tribune Jean Bouin centre cat\u00e9gorie 2, la 3e est offerte! Aujourdhui je sais que la vie ne tient qu\u00e0 un fil et quil faut au maximum en profiter et je suis pr\u00eat \u00e0 refaire ma vie.. <img decoding=\"async\" src=\"http:\/\/www.footmercato.net\/images\/a\/tribune-rino-della-negra-lors-de-la-rencontre-du-titre-face-a-amiens-en-2015-cmathieu-rault_226132.jpg\" alt=\"rencontre bouin\" align=\"center\"> En plus davoir fait para\u00eetre une s\u00e9rie dalbums \u00e0 succ\u00e8s, il a mis ses talents au service de divers projets pour le th\u00e9\u00e2tre et le cin\u00e9ma et collabor\u00e9 avec un large \u00e9ventail de musiciens de premier plan sexprimant dans des genres tr\u00e8s diff\u00e9rents, nombre de ses chansons se voyant en retour reprises par des artistes de renom. Il est \u00e9galement connu pour \u00eatre un ardent d\u00e9fenseur du blues, et un soutien actif dorganisations caritatives en faveur de l\u00e9ducation musicale. Pour \u00c2 aller sur le terrain des \u00c3l\u00c3ves \u00c2 et les amener vers le sien, Nicole Bouin privil\u00c3gie les supports audiovisuels. Elle a instaur\u00c3 un rituel en d\u00c3but de chaque cours : la minute de concentration. En fonction du th\u00c3me du cours, elle projette une vid\u00c3o de 30 secondes \u00c3 cinq minutes puis\u00c3e dans sa collection. Extrait de film, de dessin anim\u00c3, de documentaire, \u00c2 publicit\u00c3 \u00c3trang\u00c3re, elle capte l\u00e2attention des \u00c3l\u00c3ves qui regardent ensemble tous dans le m\u00c3\u00aame sens. Le rituel est adopt\u00c3 par ses classes et lorsque faute de temps il ne peut se d\u00c3rouler, \u00c2 les \u00c3l\u00c3ves r\u00c3lent \u00c2 nous dit elle. L\u00e2id\u00c3e lui est venue \u00c3 la suite d\u00e2une conf\u00c3rence o\u00c3 Philippe Meirieu pr\u00c3nait l\u00e2instauration de rituels adapt\u00c3s \u00c3 notre \u00c3poque signifiant que les \u00c3l\u00c3ves \u00c3taient dans la classe, un v\u00c3ritable seuil entre l\u00e2ext\u00c3rieur et l\u00e2\u00c3cole. Aujourd\u00e2hui, sa collection comprend plus de sept cents minutes de concentration collect\u00c3es sur le net ou d\u00c3nich\u00c3es par des amis et m\u00c3\u00aame des \u00c3l\u00c3ves-Comment qualifies tu ta pratique, ton approche? Annonce : CC les amis, je suis nouvelle habitante ici, je bosse dans une banque depuis plus de trois ans. Ma situation sentimentale est un peu compliqu\u00e9e je vis seule et je souhaite conna\u00eetre des nouvelles choses, mon souhait est de trouver une rencontre rapide avec des personnes voisins de chez moi. Je suis une femme \u00e0 forte sexualit\u00e9.. Bonjour, Jolie \u00e9tudiante, mince, brune, corps \u00e9lanc\u00e9. Jai 22 ans et je suis c\u00e9libataire. Mes examens ce termines et jai beaucoup de temps libre.  N\u00e9 en 1951, Yves-Jacques Bouin vit \u00e0 Dijon apr\u00e8s avoir pass\u00e9 27 ans \u00e0 Paris ; com\u00e9dien, il consacre une grande partie de son art aux lectures et \u00e0 la cr\u00e9ation de spectacles po\u00e9tiques. Il a particip\u00e9 en 1995 \u00e0 la cr\u00e9ation de la revue Courant dOmbres. A anim\u00e9 une \u00e9mission litt\u00e9raire pour Radio Enghien en 1996 rubrique po\u00e9sie. De 2002 \u00e0 2011 responsable du festival temps de parolesla VOix des MOts \u00e0 Dijon, C\u00f4te dOr et Bourgogne. Actuellement organisateur de T\u00e8mPo\u00e9sie rencontre avec un po\u00e8te chaque mois, dorigine fran\u00e7aise et \u00e9trang\u00e8re. Rencontres avec de nombreux po\u00e8tes fran\u00e7ais et une fois par an avec trois po\u00e8tes venus dailleurs et leur traducteur 2004 : Allemagne 2005 : Pologne 2006 : Italie 2007 : Espagne 2008 : Portugal 2009 : Hongrie 2010 : Wallonie 2011 : Su\u00e8de, Norv\u00e8ge, Finlande, Danemark 2012 : Suisse 2013 : Roumanie 2014 : Occitanie. A b\u00e9n\u00e9fici\u00e9 dune R\u00e9sidence d\u00e9crivain en Allemagne \u00e0 Edenkoben Rh\u00e9nanie-Palatinat en septembre 2011. Le N19 de la revue Pages Insulaires lui a \u00e9t\u00e9 consacr\u00e9 Juin 2011. Charg\u00e9 en 2014 de la programmation A deux, cest mieux \u00e0 lInstitut Culturel Roumain de Paris. Rencontres bimestrielles avec deux po\u00e8tes, un po\u00e8te fran\u00e7ais et un po\u00e8te roumain : S\u00e9batien ReichmannYves di Manno Matei VisniecBruno Doucey Linda Maria BarosPatricia Castex Menier Dinu FlamandJean-Pierre Sim\u00e9on Rodica DraghincescuSyvlie Gouttebaron Roxana BauduinJacques Fournier.. Tient actuellement une rubrique dans la revue po\u00e9tique D\u00e9charge, intitul\u00e9e : Des voix venues dailleurs. Responsable de la collection 3,14 g de po\u00e9sie pour la maison d\u00e9dition p.i. Sage int\u00e9rieur, cr\u00e9\u00e9e en 2013. Bibliographie  Mon pr\u00e9nom cest Clara et cest vrai que je suis assez timide dordinaire. Les rencontres dun soir en boite ou autre, tr\u00e8s peu pour moi. Jai besoin dapprendre \u00e0 conna\u00eetre mon partenaire et \u00e0 d\u00e9velopper une certaine sensibilit\u00e9 avec lui avant daller plus loin. <img decoding=\"async\" src=\"http:\/\/www.parisjeanbouin.fr\/files\/2015-05\/CALENDRIER%20DES%20RENCONTRES%20EQUIPES%201%20HOMMES%20ET%20FEMMES.jpg\" alt=\"rencontre bouin\" align=\"center\"> Cr\u00e9dit immo : r\u00e9ponse sous 48H Votre cr\u00e9dit pour cette annonce \u00e0 partir de : La contredanse: un tournant dans lhistoire fran\u00e7aise de la danse By Jean-Michel Guilcher Jai pr\u00e9f\u00e9r\u00e9 stopper la collaboration avec ces deux agences, parce quelles n\u00e9taient pas s\u00e9rieuses. Je pr\u00e9f\u00e8re ne pas en dire plus pour linstant. Vous devez \u00eatre identifi\u00e9 pour pouvoir ajouter un \u00e9v\u00e9nement. Pas encore membre? Le 16 janv. 2020 Le Comit\u00e9 de Quartiers Saint Cosme Bellevue vous invite \u00e0 la.. Jaime les hommes qui vont de lavant, qui savent ce quils veulent, cultiv\u00e9s et attentionn\u00e9s-Cheveux : Blond-162 cm-Statut civil: C\u00e9libataire-Silhouette : Je vous le dirai plus tard  Sil vous pla\u00eet, n\u00e9ditez pas larticle, assurez vous que vous mentionnez lauteur, son \u00e9tablissement, et pr\u00e9cisez que cet article a \u00e9t\u00e9 publi\u00e9 par Le Monde de lEnergie. <img decoding=\"async\" src=\"http:\/\/www.stade.fr\/medias\/kcfinder\/images\/Capture%20d%E2%80%99e%CC%81cran%202017-01-12%20a%CC%80%2018.11.15.png\" alt=\"rencontre bouin\" align=\"left\"> Nous ne serons plus jamais les bonnes petites soldates de vos guerres.<\/p>\n","protected":false},"excerpt":{"rendered":"<p>rencontre bouin<\/p>\n","protected":false},"author":1,"featured_media":0,"comment_status":"closed","ping_status":"closed","sticky":false,"template":"","format":"standard","meta":{"footnotes":""},"categories":[1],"tags":[],"_links":{"self":[{"href":"http:\/\/www.tuimagenweb.com.co\/blogs\/wp-json\/wp\/v2\/posts\/525"}],"collection":[{"href":"http:\/\/www.tuimagenweb.com.co\/blogs\/wp-json\/wp\/v2\/posts"}],"about":[{"href":"http:\/\/www.tuimagenweb.com.co\/blogs\/wp-json\/wp\/v2\/types\/post"}],"author":[{"embeddable":true,"href":"http:\/\/www.tuimagenweb.com.co\/blogs\/wp-json\/wp\/v2\/users\/1"}],"replies":[{"embeddable":true,"href":"http:\/\/www.tuimagenweb.com.co\/blogs\/wp-json\/wp\/v2\/comments?post=525"}],"version-history":[{"count":1,"href":"http:\/\/www.tuimagenweb.com.co\/blogs\/wp-json\/wp\/v2\/posts\/525\/revisions"}],"predecessor-version":[{"id":526,"href":"http:\/\/www.tuimagenweb.com.co\/blogs\/wp-json\/wp\/v2\/posts\/525\/revisions\/526"}],"wp:attachment":[{"href":"http:\/\/www.tuimagenweb.com.co\/blogs\/wp-json\/wp\/v2\/media?parent=525"}],"wp:term":[{"taxonomy":"category","embeddable":true,"href":"http:\/\/www.tuimagenweb.com.co\/blogs\/wp-json\/wp\/v2\/categories?post=525"},{"taxonomy":"post_tag","embeddable":true,"href":"http:\/\/www.tuimagenweb.com.co\/blogs\/wp-json\/wp\/v2\/tags?post=525"}],"curies":[{"name":"wp","href":"https:\/\/api.w.org\/{rel}","templated":true}]}}