{"id":605,"date":"2020-09-19T09:45:04","date_gmt":"2020-09-19T09:45:04","guid":{"rendered":"http:\/\/www.tuimagenweb.com.co\/blogs\/?p=605"},"modified":"2020-09-19T06:01:43","modified_gmt":"2020-09-19T06:01:43","slug":"rencontres-oleron","status":"publish","type":"post","link":"http:\/\/www.tuimagenweb.com.co\/blogs\/2020\/09\/19\/rencontres-oleron\/","title":{"rendered":"Rencontres Oleron"},"content":{"rendered":"<p>Animation vacances de P\u00e2ques, Ascension et Pentec\u00f4te <img decoding=\"async\" src=\"http:\/\/catalogue.gazette-drouot.com\/images\/perso\/full\/LOT\/62\/81611\/444.jpg\" alt=\"rencontres oleron\" align=\"left\">  Pour discuter et se rencontrer avant d\u00e9part, trouver les meilleurs conseils dautres participants ou participer aux projets de lUCPA, laventure commence avec la communaut\u00e9. Olivier CAILLAUD d\u00e9l\u00e9gu\u00e9 d\u00e9partemental : 06 99 86 13 29 Le Ch\u00e2teau-dOl\u00e9ron Concert Exposition Festival 21h00 Le go\u00fbt des rencontres Chaudr\u00e9e de seiches sur l\u00eele dOl\u00e9ron <img decoding=\"async\" src=\"http:\/\/img.over-blog-kiwi.com\/0\/97\/02\/96\/20180910\/ob_cb6654_flyer-gigi-verso.jpg\" alt=\"rencontres oleron\" align=\"right\"> Bonjour,je mappelle Laura. Je passe par ce service pour \u00eatre tranquille et faire des rencontres..comment dire..amoureuses quoi. Le club Ol\u00e9ron VTT organise la 25e Randonn\u00e9e des mimosas le dimanche matin 3 f\u00e9vrier 2019. Le d\u00e9part aura lieu entre 8 h 30 et 9 h 30, salle polyvalente de Saint-Trojan. Les parcours seront essentiellement dans la for\u00eat de Saint-Trojan. De nouveaux circuits VTT et p\u00e9destres vous attendent : ils sont praticables, m\u00eame \u00e0 cette p\u00e9riode de lann\u00e9e, et vous Super animation, piscines et jeux enfants au top! Direction tr\u00e8s sympa, pr\u00e9sent et impliqu\u00e9!Tr\u00e8s bon camping on recommande Sens de lhumour : Je ris quand cest vraiment dr\u00f4le Limmeuble est impressionnant, de la porte dentr\u00e9e immense \u00e0 lascenseur et \u00e0 son strapontin dun autre temps. Les \u00e9tages.. L\u00e9l\u00e9gance sans ostentation. Piscine couverte et chauff\u00e9e nombre : 1-dates douverture : 03042020 Caution m\u00e9nage : 90 \u00e0 verser \u00e0 larriv\u00e9e au camping et restitu\u00e9e si lh\u00e9bergement est rendu propre.  Venez visiter des entreprises, nous rencontrer sur les salons ou participer \u00e0 nos r\u00e9unions de travail Aucune condition g\u00e9n\u00e9rale ou sp\u00e9cifique figurant dans les documents envoy\u00e9s ou remis par les parties ne pourra sint\u00e9grer aux pr\u00e9sentes conditions g\u00e9n\u00e9rales 25. Convention de preuve En raison de la pand\u00e9mie de Coronavirus et des derni\u00e8res mesures prises par le gouvernement, nos animations, sorties et rencontres associatives sont suspendues jusqu\u00e0 nouvel ordre. VOTRE INTERLOCUTEUR Fabien Raimbaud Charg\u00e9 de projets Un \u00e9tablissement de la communaut\u00e9 de communes de l\u00eele dOl\u00e9ron <img decoding=\"async\" src=\"http:\/\/www.kananas.com\/anouslenergierenouvelableetsolidaire\/wp-content\/uploads\/sites\/249\/2017\/05\/anous-reapro-local-300x238.jpg\" alt=\"rencontres oleron\" align=\"left\">  En 1999, son compagnon, \u00e9lu \u00e0 l lann\u00e9e pr\u00e9c\u00e9dente, demande au graveur et sculpteur de graver cette m\u00eame phrase sur son \u00e9p\u00e9e dacad\u00e9micien. Visions d Afrique en compagnie de Muriel Diallo et Bernard Magnier Mettre plus de bien-\u00eatre et de consommation plus responsable dans sa vie, le lien aux autres et le sport au coeur de vos prochaines vacances et une envie folle de vivre ou revivre les vacances UCPA. Responsable de projets et dactions de communication-relations presse Le Pays Marennes Ol\u00e9ron : 2\u00e8me \u00e9dition du Forum local de la coop\u00e9ration Francophone, le 9 novembre 2018 Id\u00e9es sorties, concerts, visites guid\u00e9es, march\u00e9s sur Marennnes Ol\u00e9ron Certains tentent de prendre leur mal en patience, dautres nh\u00e9sitent pas \u00e0 braver linterdit. Apr\u00e8s des mois de disette, les vagues sont exceptionnelles en ce moment. Des vagues exceptionnelles, au niveau des meilleurs spots fran\u00e7ais, attendues depuis deux ans : voil\u00e0 comment les surfeurs ol\u00e9ronais d\u00e9crivent cette p\u00e9riode de confinement. Un cr\u00e8ve-c\u0153ur pour tous ces passionn\u00e9s.<\/p>\n","protected":false},"excerpt":{"rendered":"<p>rencontres oleron<\/p>\n","protected":false},"author":1,"featured_media":0,"comment_status":"closed","ping_status":"closed","sticky":false,"template":"","format":"standard","meta":{"footnotes":""},"categories":[1],"tags":[],"_links":{"self":[{"href":"http:\/\/www.tuimagenweb.com.co\/blogs\/wp-json\/wp\/v2\/posts\/605"}],"collection":[{"href":"http:\/\/www.tuimagenweb.com.co\/blogs\/wp-json\/wp\/v2\/posts"}],"about":[{"href":"http:\/\/www.tuimagenweb.com.co\/blogs\/wp-json\/wp\/v2\/types\/post"}],"author":[{"embeddable":true,"href":"http:\/\/www.tuimagenweb.com.co\/blogs\/wp-json\/wp\/v2\/users\/1"}],"replies":[{"embeddable":true,"href":"http:\/\/www.tuimagenweb.com.co\/blogs\/wp-json\/wp\/v2\/comments?post=605"}],"version-history":[{"count":1,"href":"http:\/\/www.tuimagenweb.com.co\/blogs\/wp-json\/wp\/v2\/posts\/605\/revisions"}],"predecessor-version":[{"id":606,"href":"http:\/\/www.tuimagenweb.com.co\/blogs\/wp-json\/wp\/v2\/posts\/605\/revisions\/606"}],"wp:attachment":[{"href":"http:\/\/www.tuimagenweb.com.co\/blogs\/wp-json\/wp\/v2\/media?parent=605"}],"wp:term":[{"taxonomy":"category","embeddable":true,"href":"http:\/\/www.tuimagenweb.com.co\/blogs\/wp-json\/wp\/v2\/categories?post=605"},{"taxonomy":"post_tag","embeddable":true,"href":"http:\/\/www.tuimagenweb.com.co\/blogs\/wp-json\/wp\/v2\/tags?post=605"}],"curies":[{"name":"wp","href":"https:\/\/api.w.org\/{rel}","templated":true}]}}