{"id":637,"date":"2020-09-19T16:41:13","date_gmt":"2020-09-19T16:41:13","guid":{"rendered":"http:\/\/www.tuimagenweb.com.co\/blogs\/?p=637"},"modified":"2020-09-19T07:45:31","modified_gmt":"2020-09-19T07:45:31","slug":"rencontres-citoyennes-de-dieulefit","status":"publish","type":"post","link":"http:\/\/www.tuimagenweb.com.co\/blogs\/2020\/09\/19\/rencontres-citoyennes-de-dieulefit\/","title":{"rendered":"Rencontres Citoyennes De Dieulefit"},"content":{"rendered":"<p>Les d\u00e9tours de linattendu, le hasard des rencontres virtuelles. Ou encore, peut-\u00eatre, forcer son destin. Nirman a tout v\u00e9cu dans un m\u00eame flot. Ce matin-l\u00e0 de juin 2017, le geste.. Cordes du violon et du violoncelle virevoltent, frottent, se cognent, laccord\u00e9on rode ses notes de velours 10 novembre: R\u00e9union de travail sur ladh\u00e9sion de la R\u00e9gion \u00e0 Enercoop 10 mai 1944 : premi\u00e8re d\u00e9claration internationale des droits \u00e0 vocation universelle Le travail nest pas une marchandise La libert\u00e9 dexpression et dassociation est une une condition indispensable dun progr\u00e8s soutenu La pauvret\u00e9 constitue un danger pour la prosp\u00e9rit\u00e9 de tous Les repr\u00e9sentants des employeurs et des travailleurs participent \u00e0 de livres discussions en vue de promouvoir le bien commun Subordination de lorganisation \u00e9conomique au principe de justice sociale LESPRIT DE PHILADELPHIE 31 octobre : Rencontre avec Bizi! \u00e0 Bayonne et tentative de pause iod\u00e9e 8 avril : Manifestation \u00e0 10h avec Didier Thevenieau pour le maintien de la maternit\u00e9 et lh\u00f4pital de Die 26 <img decoding=\"async\" src=\"http:\/\/rampok.org\/img\/bb8203c2e5fa973ec7cf60fda5fa801a.jpg\" alt=\"rencontres citoyennes de dieulefit\" align=\"center\"> En cas de Pluie Caf\u00e9 Th\u00e9\u00e2tre Andarta 57 rue Emile Laurens-Die Agn\u00e8s Maillard aux Rencontres de l\u00e9cologie au quotidien \u00e0 10h, salle 13 f\u00e9vrier : Enregistrement de compte-rendu de mandat radiophonique \u00e0 R-DWA, Die 26 et 63 19 mars : R\u00e9union de travail du groupe des \u00e9lu-es RCES tel <img decoding=\"async\" src=\"http:\/\/www.ensembleici.fr\/02_medias\/05_evenement\/1535650966_.png\" alt=\"rencontres citoyennes de dieulefit\" align=\"right\"> 9h13h30 Atelier L\u00e9cof\u00e9minisme, une piste pour nous relier 19 novembre : Soir\u00e9e d\u00e9bat sur la d\u00e9fense des services publics et lemploi, 19h30 \u00e0 la Maison des associations de Saint Vallier 26 15h Spectacle Le Chant des Mers de Claire Alauzen 7 juin : Soir\u00e9e de au Lieu-Dit, rue Sorbier \u00e0 Paris 75 <img decoding=\"async\" src=\"http:\/\/www.ecoravie.org\/wp-content\/uploads\/2014\/06\/20131010-Tribune.jpg\" alt=\"rencontres citoyennes de dieulefit\" align=\"left\"> Objet : organisation dun march\u00e9 de producteurs hebdomadaire ; f\u00e9d\u00e9rer des producteurs fermiers dans le but de valoriser leurs productions  La r\u00e9gulation \u00e0 l\u0153uvre Surveillance des politiques \u00e9conomiques par la finance mondialis\u00e9e Concurrence distordue Pouvoir aux actionnaires La responsabilit\u00e9 non plus des deux cents familles mais dun \u00e9cosyst\u00e8me complexe La dette publique : pr\u00e9texte \u00e0 une aust\u00e9rit\u00e9 digne de la lutte des classes La privatisation de lEtat providence UNE LIGNE DE CONDUITE COH\u00c9RENTE \u03c0\u03bf\u03b9\u03b7\u03bc\u03b1\u03c4\u03b1 \u03b3\u03b9\u03b1 \u03c4\u03b7 \u03b3\u03b9\u03bf\u03c1\u03c4\u03b7 \u03c4\u03b7\u03c2 \u03bc\u03b7\u03c4\u03b5\u03c1\u03b1\u03c2 2012 10 \u0399\u03bf\u03c5\u03bb\u03af\u03bf\u03c5 2018 \u03ba\u03bf\u03c5\u03b6\u03b9\u03bd\u03b5\u03c2 \u03c0\u03b9\u03c4\u03c3\u03bf\u03c2 inox \u03c6\u03b1\u03bd\u03c4\u03b1\u03c3\u03bc\u03b1 \u03c4\u03b7\u03c2 \u03bf\u03c0\u03b5\u03c1\u03b1\u03c2 \u03c4\u03c1\u03b1\u03b3\u03bf\u03c5\u03b4\u03b9 21:40 \u03b1\u03c3\u03c0\u03c1\u03b1 \u03bc\u03c0\u03bf\u03c4\u03b1\u03ba\u03b9\u03b1 \u03bd\u03b9\u03ba\u03b5  D\u00e9couvrez le bain de for\u00eat ou Shinrin yoku, une approche de sant\u00e9 originaire du Japon dont les nombreux bienfaits sur  Titre : AGENCE DE DEVELOPPEMENT TOURISTIQUE DE LARDECHE 8 juillet : Rencontre avec les salari\u00e9s en lutte de Renault Trucks Lyon Saint Priest au si\u00e8ge du PG \u00e0 Paris 75 Pr\u00e9sentation des Bio-districts europ\u00e9ens et Eco-R\u00e9gions Internationales. Lobjectif est de cr\u00e9er un R\u00e9seau des Biodistricts Europ\u00e9ens et 3 mars : Secr\u00e9tariat national du PG \u00e0 Paris 75.<\/p>\n","protected":false},"excerpt":{"rendered":"<p>rencontres citoyennes de dieulefit<\/p>\n","protected":false},"author":1,"featured_media":0,"comment_status":"closed","ping_status":"closed","sticky":false,"template":"","format":"standard","meta":{"footnotes":""},"categories":[1],"tags":[],"_links":{"self":[{"href":"http:\/\/www.tuimagenweb.com.co\/blogs\/wp-json\/wp\/v2\/posts\/637"}],"collection":[{"href":"http:\/\/www.tuimagenweb.com.co\/blogs\/wp-json\/wp\/v2\/posts"}],"about":[{"href":"http:\/\/www.tuimagenweb.com.co\/blogs\/wp-json\/wp\/v2\/types\/post"}],"author":[{"embeddable":true,"href":"http:\/\/www.tuimagenweb.com.co\/blogs\/wp-json\/wp\/v2\/users\/1"}],"replies":[{"embeddable":true,"href":"http:\/\/www.tuimagenweb.com.co\/blogs\/wp-json\/wp\/v2\/comments?post=637"}],"version-history":[{"count":1,"href":"http:\/\/www.tuimagenweb.com.co\/blogs\/wp-json\/wp\/v2\/posts\/637\/revisions"}],"predecessor-version":[{"id":638,"href":"http:\/\/www.tuimagenweb.com.co\/blogs\/wp-json\/wp\/v2\/posts\/637\/revisions\/638"}],"wp:attachment":[{"href":"http:\/\/www.tuimagenweb.com.co\/blogs\/wp-json\/wp\/v2\/media?parent=637"}],"wp:term":[{"taxonomy":"category","embeddable":true,"href":"http:\/\/www.tuimagenweb.com.co\/blogs\/wp-json\/wp\/v2\/categories?post=637"},{"taxonomy":"post_tag","embeddable":true,"href":"http:\/\/www.tuimagenweb.com.co\/blogs\/wp-json\/wp\/v2\/tags?post=637"}],"curies":[{"name":"wp","href":"https:\/\/api.w.org\/{rel}","templated":true}]}}