{"id":745,"date":"2020-09-19T18:11:14","date_gmt":"2020-09-19T18:11:14","guid":{"rendered":"http:\/\/www.tuimagenweb.com.co\/blogs\/?p=745"},"modified":"2020-09-19T13:00:36","modified_gmt":"2020-09-19T13:00:36","slug":"ime-la-rencontre-78","status":"publish","type":"post","link":"http:\/\/www.tuimagenweb.com.co\/blogs\/2020\/09\/19\/ime-la-rencontre-78\/","title":{"rendered":"Ime La Rencontre 78"},"content":{"rendered":"<p>Avec AFP-Un ours a \u00e9t\u00e9 retrouv\u00e9 mardi 9 juin 2020, tu\u00e9 par balles en Ari\u00e8ge, a annonc\u00e9 la ministre de la Transition \u00e9cologique Elisabeth Borne. La Fondation 30 Millions dAmis a d\u00e9pos\u00e9 une.. Le budget de la Communaut\u00e9 dagglom\u00e9ration est de lordre de 350 millions deuros budget pour 2015. : Le village ancien est situ\u00e9 au d\u00e9but dune d\u00e9pression qui continue en vall\u00e9e entre les hauts de Sainte-Apolline \u00e0 au nord et les hauts d puis au sud, \u00e0 proximit\u00e9 du hameau de Jouars \u00e0. La majeure partie de la population se trouve aujourdhui sur le plateau d\u00c9lancourt-Maurepas, entre cette vall\u00e9e et la qui traverse la commune dans sa partie sud. La commune compte actuellement 25 504 habitants. En les \u00e9lancourtois \u00e9taient au nombre de 300, 598 en, 861 en, 10 629 en, 20 129 en. Elle comprend dix quartiers et six zones industrielles et dactivit\u00e9s. Nous avons de nombreux projets sur plusieurs ann\u00e9es pour am\u00e9liorer les lieux daccueils. Si vous le souhaitez, notre page de dons est ouverte sur le site internet : Code Postal Ville A quel endroit souhaitez-vous agir?  <img decoding=\"async\" src=\"http:\/\/dozodomo.com\/wp-content\/uploads\/2016\/04\/Sakura-ohanami-Tokyo-2016_4.jpg\" alt=\"ime la rencontre 78\" align=\"left\"> Les jeunes et les professionnels de lIME La Rencontre partent pour de nouvelles aventures \u00e0 Trappes et vous souhaitent de bonnes vacances. Le tournoi de lAressif 2019 Le tournoi de Rugby Adapt\u00e9 Vous pouvez \u00e9galement copier-coller le lien ci-dessous : D\u00e9butant moins de 2 ans, Exp\u00e9riment\u00e9 2 \u00e0 5 ans, Confirm\u00e9 5 ans et plus <img decoding=\"async\" src=\"http:\/\/img.over-blog-kiwi.com\/0\/74\/78\/71\/20140316\/ob_3ceff4_xblog-2014-03-14-renaison-ime.jpg\" alt=\"ime la rencontre 78\" align=\"right\"> Trouvez le trajet adapt\u00e9 \u00e0 vos besoins gr\u00e2ce au nouveau moteur ditin\u00e9raire de Vianavigo : vitesse de marche, itin\u00e9raire adapt\u00e9 au fauteuil roulant.. Le retour de nos enfants est un imp\u00e9ratif p\u00e9dagogique et de justice sociale. Nous proposons une r\u00e9ouverture tr\u00e8s progressive des maternelles et \u00e9coles \u00e9l\u00e9mentaires \u00e0 partir du 11 mai, partout sur le territoire et sur la base du volontariat. Dans un second temps, nous pourrons envisager de rouvrir les coll\u00e8ges, en commen\u00e7ant par les cinqui\u00e8mes et sixi\u00e8mes. Nous prendrons une d\u00e9cision fin mai pour les lyc\u00e9es. Nous vous invitons \u00e0 r\u00e9it\u00e9rer votre demande ult\u00e9rieurement.  Ici, lobjectif est lint\u00e9gration des autres en un construit stable et original ; la philosophie, un self-building by arts outreach ; la m\u00e9thode, le sans fronti\u00e8risme \u00e9clectique. Article 3-2 Les autres commissions du Comit\u00e9 Social et Economique Le d\u00e9veloppement \u00e9conomique, lam\u00e9nagement et lurbanisation de lespace communautaire. Soit en \u00e9tablissant un bar\u00e8me en fonction de la difficult\u00e9 des questions jusqu\u00e0 trois media-jetons par exemple  Aux Franciliens: parcs et jardins, Aux \u00e9l\u00e8ves: un retour \u00e0 l\u00e9cole mais pas doral de fran\u00e7ais, A tous: la perspective de retrouvailles familiales, de sorties entre amis.. Dans le respect des gestes barri\u00e8res et une vigilance permanente. Derni\u00e8res infos sur le D\u00e9confinement. <img decoding=\"async\" src=\"http:\/\/is.dlsl.edu.ph\/wp-content\/grand-media\/image\/DSC04310.jpg\" alt=\"ime la rencontre 78\" align=\"center\"> H\u00e9bergement social pour enfants en difficult\u00e9s 8790A 3 Travailleurs sociaux CESF, Educatrice sp\u00e9cialis\u00e9e ou assistante sociale Alors que le Pr\u00e9sident Macron a reconnu que notre pays tenait tout entier sur des femmes et des hommes que nos \u00e9conomies reconnaissent et r\u00e9mun\u00e8rent si mal, les travailleuses et travailleurs de laide \u00e0 domicile, au contact des populations les plus fragiles, sont les grands d\u00e9laiss\u00e9s de la premi\u00e8re ligne. Les f\u00e9d\u00e9rations et associations des services daccompagnement \u00e0 domicile demandent \u00e0 ce que ce travail soit reconnu, notamment par une prime exceptionnelle.<\/p>\n","protected":false},"excerpt":{"rendered":"<p>ime la rencontre 78<\/p>\n","protected":false},"author":1,"featured_media":0,"comment_status":"closed","ping_status":"closed","sticky":false,"template":"","format":"standard","meta":{"footnotes":""},"categories":[1],"tags":[],"_links":{"self":[{"href":"http:\/\/www.tuimagenweb.com.co\/blogs\/wp-json\/wp\/v2\/posts\/745"}],"collection":[{"href":"http:\/\/www.tuimagenweb.com.co\/blogs\/wp-json\/wp\/v2\/posts"}],"about":[{"href":"http:\/\/www.tuimagenweb.com.co\/blogs\/wp-json\/wp\/v2\/types\/post"}],"author":[{"embeddable":true,"href":"http:\/\/www.tuimagenweb.com.co\/blogs\/wp-json\/wp\/v2\/users\/1"}],"replies":[{"embeddable":true,"href":"http:\/\/www.tuimagenweb.com.co\/blogs\/wp-json\/wp\/v2\/comments?post=745"}],"version-history":[{"count":1,"href":"http:\/\/www.tuimagenweb.com.co\/blogs\/wp-json\/wp\/v2\/posts\/745\/revisions"}],"predecessor-version":[{"id":746,"href":"http:\/\/www.tuimagenweb.com.co\/blogs\/wp-json\/wp\/v2\/posts\/745\/revisions\/746"}],"wp:attachment":[{"href":"http:\/\/www.tuimagenweb.com.co\/blogs\/wp-json\/wp\/v2\/media?parent=745"}],"wp:term":[{"taxonomy":"category","embeddable":true,"href":"http:\/\/www.tuimagenweb.com.co\/blogs\/wp-json\/wp\/v2\/categories?post=745"},{"taxonomy":"post_tag","embeddable":true,"href":"http:\/\/www.tuimagenweb.com.co\/blogs\/wp-json\/wp\/v2\/tags?post=745"}],"curies":[{"name":"wp","href":"https:\/\/api.w.org\/{rel}","templated":true}]}}