{"id":823,"date":"2020-09-20T01:43:17","date_gmt":"2020-09-20T01:43:17","guid":{"rendered":"http:\/\/www.tuimagenweb.com.co\/blogs\/?p=823"},"modified":"2020-09-19T14:51:11","modified_gmt":"2020-09-19T14:51:11","slug":"rencontre-franco-allemande-munich","status":"publish","type":"post","link":"http:\/\/www.tuimagenweb.com.co\/blogs\/2020\/09\/20\/rencontre-franco-allemande-munich\/","title":{"rendered":"Rencontre Franco Allemande Munich"},"content":{"rendered":"<p>En quoi consiste lintelligence par laction? Y-a-t-il des talents mondiaux, des leaders d\u00e8s l\u00e2ge de 25 ans? E-mail obligatoire adresse strictement confidentielle Vous trouverez la liste des Volkshochschulen situ\u00e9es dans le Bade-Wurtemberg ainsi que leurs coordonn\u00e9es  Entr\u00e9e gratuite, inscription: infocafe-luitpold.de Le 21 mai de la m\u00eame ann\u00e9e, la Reichsmarinemarine de lEmpire, devient la Kriegsmarinemarine de guerre. La production commence v\u00e9ritablement, Hitler ayant abandonn\u00e9 ses a priori n\u00e9gatifs sur la marine et la consid\u00e9rant d\u00e9sormais comme un instrument indispensable \u00e0 la grandeur allemande 22. Ces derni\u00e8res concessions sont toutes symboliques, les submersibles \u00e9tant peu utilis\u00e9s par la marine britannique et per\u00e7us principalement comme une arme d\u00e9fensive 22.  Les s\u00e9minaires auront lieu \u00e0 la Maison de la Recherche \u00e0 Paris. D\u00e8s le 18 juin 1940, le g\u00e9n\u00e9ral r\u00e9fugi\u00e9 \u00e0 Londres appelle \u00e0 poursuivre le combat. Le ralliement de l donne une premi\u00e8re assise territoriale \u00e0 la. Celle-ci participe aux combats de larm\u00e9e britannique avec ses modestes moyens. Quand les alli\u00e9s d\u00e9cident l qui vise \u00e0 lib\u00e9rer l, ils cherchent une personnalit\u00e9 plus repr\u00e9sentative que De Gaulle, dabord lamiral Darlan, vite assassin\u00e9, puis le g\u00e9n\u00e9ral Giraud. N\u00e9anmoins De Gaulle va parvenir \u00e0 simposer. La mobilisation militaire en Afrique de Nord sav\u00e8re laborieuse mais lexcellente tenue des 80 000 Fran\u00e7ais dAfrique du Nord en puis de 120 000 dentre eux en permet au d\u00eatre reconnu. Celui-ci sappuie en France m\u00eame sur un vaste r\u00e9seau de r\u00e9sistance. Larm\u00e9e allemande est amen\u00e9e \u00e0 engager des op\u00e9rations denvergure pour r\u00e9duire les maquis o\u00f9 se sont notamment r\u00e9fugi\u00e9s les r\u00e9fractaires au en Allemagne : batailles du et du. 22 janvier 2013 : LADAFA c\u00e9l\u00e8bre les 50 ans du trait\u00e9 de lElys\u00e9e \u00e0 Berlin, Paris, Munich et Agadir-L propose des cours de fran\u00e7ais et dallemand, soutient des initiatives culturelles promouvant les convergences entre la France et lAllemagne, informe des \u00e9v\u00e9nements culturels franco-allemands, met \u00e0 la disposition de ses membres de nombreux livres, CD et DVD en fran\u00e7ais.. Because these cookies are strictly necessary to deliver the website, refuseing them will have impact how our site functions. You always can block or delete cookies by changing your browser settings and force blocking all cookies on this website. But this will always prompt you to acceptrefuse cookies when revisiting our site.  <img decoding=\"async\" src=\"http:\/\/www.pagnoltoulon.fr\/wp-content\/uploads\/2016\/04\/pdm_main_1920_rv.jpg\" alt=\"rencontre franco allemande munich\" align=\"right\"> Vous devez \u00eatre abonn\u00e9 pour voir un article en lecture zen. Discours prononc\u00e9 \u00e0 Caen le 6 juin 2004, publi\u00e9 in Esprit, n 306, juillet 2004, p 164-166. Ology est le premier bureau qui prend en compte les besoins des utilisateurs dun point de vue physiologique et biologique, pour faire de lespace de travail un lieu tourn\u00e9 vers le bien-\u00eatre. <img decoding=\"async\" src=\"http:\/\/sport24.lefigaro.fr\/var\/plain_site\/storage\/images\/football\/etranger\/allemagne\/actualites\/bundesliga-bayern-munich-schalke-04-en-direct-896319\/24029093-2-fre-FR\/Bundesliga-Bayern-Munich-Schalke-04-en-direct.jpg\" alt=\"rencontre franco allemande munich\" align=\"right\"> La d\u00e9flation s\u00e9v\u00e8re et anachronique men\u00e9e par Br\u00fcning ne fait quaggraver la crise \u00e9conomique travail sur le train allemand coup adolescent pr\u00e9cipite de nombreux Allemands inquiets dans les bras de Hitler. Sa campagne \u00e9lectorale est sans pr\u00e9c\u00e9dent sur le plan de la propagande. 99 CHOSES QUI NARRIVENT QUEN ALLEMAGNE-Lama Fach\u00e9 pour pic-niquer et profiter de l : la partie Nord tr\u00e8s sauvage et propice \u00e0 la d\u00e9tente et la baignade acc\u00e8s en v\u00e9lo, en remontant lEnglisher Garten au niveau de Studentenstadt et la partie Sud niveau Universit\u00e4t pour \u00e9couter de la musique, danser et rencontrer du monde Pour rappel, St\u00e9phane Lissner rejoindra alors le San Carlo Naples pour le d\u00e9but de saison suivante tandis que Alexander Neef ne doit prendre la direction de lOp\u00e9ra de Paris que pour la saison 2021-22. Pour lamour de Dieu, non! Le 11 juin 2020 par Cela sinscrit dans cette d\u00e9marche de connaissance, Les travaux des participants ont \u00e9t\u00e9 conclus par un entretien avec Sandrine Gaudin, secr\u00e9taire g\u00e9n\u00e9rale des affaires europ\u00e9ennes. En esp\u00e9rant vous y voir nombreux, nous vons disons bis dahin! Le MBA du Coll\u00e8ge des Ing\u00e9nieurs, ce nest pas seulement la combinaison de cours th\u00e9oriques de management et dune mission \u00e0 caract\u00e8re formateur en entreprise comme consultant junior, dans un processus d action learning. Cest surtout et de surcro\u00eet, un coaching de haut niveau individualis\u00e9 pour chaque participant. <img decoding=\"async\" src=\"http:\/\/www.defense.gouv.fr\/var\/dicod\/storage\/images\/base-de-medias\/images\/actualites\/images-actu\/florence-parly-est-intervenue-lors-de-la-conference-de-munich\/9053741-1-fre-FR\/florence-parly-est-intervenue-lors-de-la-conference-de-munich.png\" alt=\"rencontre franco allemande munich\" align=\"right\">-L repr\u00e9sente les int\u00e9r\u00eats des Fran\u00e7ais vivant en Bavi\u00e8re aupr\u00e8s de ladministration fran\u00e7aise, intervient aupr\u00e8s du consulat pour les questions de protection sociale, organise des activit\u00e9s et des sorties, anime l\u00e9mission de radio francophone A propos sur Radio Lora.. Le prix Forscheurs Jean-Marie Lehn r\u00e9compense un bin\u00f4me franco-allemand de jeunes chercheurs pour lexcellence de leur collaboration, dans les domaines de la chimie, de la sant\u00e9 ou de la pharmacologie. Deux prix dun montant de 10 000 chacun sont remis aux chercheurs du bin\u00f4me laur\u00e9at soit 10 000 par personne. Une bd mais surtout une histoire de vie, de double culture et de chocs culturels. \u00c9tudes Le d\u00e9tonateur de la culture cin\u00e9matographique allemande dapr\u00e8s-guerre : les rencontres cin\u00e9matographiques franco-allemandes 1946-1953.<\/p>\n","protected":false},"excerpt":{"rendered":"<p>rencontre franco allemande munich<\/p>\n","protected":false},"author":1,"featured_media":0,"comment_status":"closed","ping_status":"closed","sticky":false,"template":"","format":"standard","meta":{"footnotes":""},"categories":[1],"tags":[],"_links":{"self":[{"href":"http:\/\/www.tuimagenweb.com.co\/blogs\/wp-json\/wp\/v2\/posts\/823"}],"collection":[{"href":"http:\/\/www.tuimagenweb.com.co\/blogs\/wp-json\/wp\/v2\/posts"}],"about":[{"href":"http:\/\/www.tuimagenweb.com.co\/blogs\/wp-json\/wp\/v2\/types\/post"}],"author":[{"embeddable":true,"href":"http:\/\/www.tuimagenweb.com.co\/blogs\/wp-json\/wp\/v2\/users\/1"}],"replies":[{"embeddable":true,"href":"http:\/\/www.tuimagenweb.com.co\/blogs\/wp-json\/wp\/v2\/comments?post=823"}],"version-history":[{"count":1,"href":"http:\/\/www.tuimagenweb.com.co\/blogs\/wp-json\/wp\/v2\/posts\/823\/revisions"}],"predecessor-version":[{"id":824,"href":"http:\/\/www.tuimagenweb.com.co\/blogs\/wp-json\/wp\/v2\/posts\/823\/revisions\/824"}],"wp:attachment":[{"href":"http:\/\/www.tuimagenweb.com.co\/blogs\/wp-json\/wp\/v2\/media?parent=823"}],"wp:term":[{"taxonomy":"category","embeddable":true,"href":"http:\/\/www.tuimagenweb.com.co\/blogs\/wp-json\/wp\/v2\/categories?post=823"},{"taxonomy":"post_tag","embeddable":true,"href":"http:\/\/www.tuimagenweb.com.co\/blogs\/wp-json\/wp\/v2\/tags?post=823"}],"curies":[{"name":"wp","href":"https:\/\/api.w.org\/{rel}","templated":true}]}}