{"id":9,"date":"2020-09-18T21:57:22","date_gmt":"2020-09-18T21:57:22","guid":{"rendered":"http:\/\/www.tuimagenweb.com.co\/blogs\/?p=9"},"modified":"2020-09-18T07:04:40","modified_gmt":"2020-09-18T07:04:40","slug":"rencontre-valpre","status":"publish","type":"post","link":"http:\/\/www.tuimagenweb.com.co\/blogs\/2020\/09\/18\/rencontre-valpre\/","title":{"rendered":"Rencontre Valpr\u00e9"},"content":{"rendered":"<p>Comme chaque ann\u00e9e, des personnalit\u00e9s venant dhorizons diff\u00e9rents participent \u00e0 ces rencontres. Pierre Gagnaire, c\u00e9l\u00e8bre cuisinier pr\u00e9curseur de la cuisine mol\u00e9culaire, Jean-No\u00ebl Dumont, directeur du Coll\u00e8ge sup\u00e9rieur de Lyon, le p\u00e8re Thierry Magnin, recteur de luniversit\u00e9 catholique de Lyon, Fr\u00e9d\u00e9ric Mugnier, cofondateur de Faguo, une jeune marque de chaussures, Bernard Reybier, PDG de Fermob, un fabricant de mobilier de jardin dont la chaise Luxembourg a s\u00e9duit luniversit\u00e9 am\u00e9ricaine de Harvard et dautres \u00e9changeront.  Le 10 Juin. 2020 Retour sur Visio-conf\u00e9rence : comment faciliter la reprise des salari\u00e9s en situation de handicap? Pour \u00e9couter ou r\u00e9\u00e9couter les interventions de Jema Taboyan lors de la rencontre Femmes 2000 Sud Est \u00e0 la B\u00e9gude de Mazenc le samedi 28 mai dernier : Comme pour les 19 forums pr\u00e9c\u00e9dents, cette rencontre sera loccasion d\u00e9changer largement avec les acteurs concern\u00e9s : ENEDIS, ADEME, CEA-INES, CNRS-LAAS et GT Micro-R\u00e9seaux, HESPUL, SER, ENERPLAN, GMPV-FFB, ZELYA, industriels, distributeurs, bureaux d\u00e9tudes, d\u00e9veloppeurs, installateurs, exploitants, etc. Mais aussi bureaux de contr\u00f4le, assureurs, investisseurs et experts. Lauriane Locatelli, post-doctorante \u00e0 lENS Lyon, charg\u00e9e de la r\u00e9daction du cahier des charges et du plan de gestion de donn\u00e9es du projet a contact\u00e9 Huma-Num il y a plusieurs semaines afin de proposer un retour dexp\u00e9rience sur la r\u00e9daction dun Plan de gestion de donn\u00e9es DMP. Cette initiative a permis \u00e0 Huma-Num dimaginer une s\u00e9rie de t\u00e9moignages sur la question de la r\u00e9daction du DMP et ce, dans le cadre de projets et disciplines divers. Lobjectif est ici de proposer aux chercheur.e.s et porteur.e.s de projets une documentation bas\u00e9e sur lexp\u00e9rience pour les accompagner dans leur d\u00e9marche de r\u00e9daction. Ligne en 2004, elle contient actuellement les donn\u00e9es bibliographiques de plus  <img decoding=\"async\" src=\"http:\/\/traduiyre.ga\/public\/media\/ultrasl\/artworks\/autres\/embleme_dominant.jpg\" alt=\"rencontre valpr\u00e9\" align=\"right\"> techniciens engag\u00e9s dans le cadre du projet ont permis davancer Le 03 Juin. 2020 Epid\u00e9mie du COVID 19 : les informations du 3 juin 2020 G\u00e9rard Larcher, Pr\u00e9sident du S\u00e9nat, ancien ministre ; <img decoding=\"async\" src=\"http:\/\/static.hitek.fr\/img\/actualite\/2017\/06\/21\/le-a-perneckl-6.jpg\" alt=\"rencontre valpr\u00e9\" align=\"left\"> Industrie : Scission de SunPower : entr\u00e9e dun industriel chinois au capital <img decoding=\"async\" src=\"http:\/\/theposrt.cf\/wp-content\/uploads\/Adhesifs-Sols-et-Bitume-11.jpg\" alt=\"rencontre valpr\u00e9\" align=\"center\"> Veuillez vous connecter pour lire ou ajouter un commentaire-Un Amphith\u00e9\u00e2tre de 200 places avec lumi\u00e8re naturelle et vue sur une for\u00eat de bambous comprenant un fauteuil avec tablette d\u00e9criture, \u00e9cran g\u00e9ant, vid\u00e9oprojecteur 6000 lumens, sonorisation, volets 100 occultant, disposition en format conf\u00e9rence ou table ronde. Membre du Centre Fran\u00e7ais Fonds et Fondations CFF En r\u00e9f\u00e9rence \u00e0 la loi RGPD, nous vous informons que nous utilisons des cookies pour vous garantir la meilleure exp\u00e9rience sur notre site. Si vous continuez, nous supposerons que vous en avez prit connaissance et que vous acceptez leur utilisation. Lionel regard, Infirmier, cadre de sant\u00e9, doctorant en sciences de l\u00e9ducation. Attach\u00e9 Temporaire denseignement et de recherche \u00e0 luniversit\u00e9 dAix-Marseille. Les Sup\u00e9rieurs Provinciaux des quatre branches religieuses de la Soci\u00e9t\u00e9 de Marie ont eu une fameuse bonne id\u00e9e lorsquils ont choisi de proposer cette session sur lEvang\u00e9lisation, en y associant la branche la\u00efque! Nous \u00e9tions environ 130 participants \u00e0 nous retrouver dans le beau cadre de Valpr\u00e9, pr\u00e8s de Lyon, pour un temps damiti\u00e9, de r\u00e9flexion et de pri\u00e8res, moiti\u00e9 religieuxses, moiti\u00e9 la\u00efcs. Rien de mieux quun tel rassemblement pour prendre conscience du projet avant-gardiste des Fondateurs Maristes. Convention Capital, travail : quelle \u00e9conomie et quelles entreprises? .<\/p>\n","protected":false},"excerpt":{"rendered":"<p>rencontre valpr\u00e9<\/p>\n","protected":false},"author":1,"featured_media":0,"comment_status":"closed","ping_status":"closed","sticky":false,"template":"","format":"standard","meta":{"footnotes":""},"categories":[1],"tags":[],"_links":{"self":[{"href":"http:\/\/www.tuimagenweb.com.co\/blogs\/wp-json\/wp\/v2\/posts\/9"}],"collection":[{"href":"http:\/\/www.tuimagenweb.com.co\/blogs\/wp-json\/wp\/v2\/posts"}],"about":[{"href":"http:\/\/www.tuimagenweb.com.co\/blogs\/wp-json\/wp\/v2\/types\/post"}],"author":[{"embeddable":true,"href":"http:\/\/www.tuimagenweb.com.co\/blogs\/wp-json\/wp\/v2\/users\/1"}],"replies":[{"embeddable":true,"href":"http:\/\/www.tuimagenweb.com.co\/blogs\/wp-json\/wp\/v2\/comments?post=9"}],"version-history":[{"count":1,"href":"http:\/\/www.tuimagenweb.com.co\/blogs\/wp-json\/wp\/v2\/posts\/9\/revisions"}],"predecessor-version":[{"id":10,"href":"http:\/\/www.tuimagenweb.com.co\/blogs\/wp-json\/wp\/v2\/posts\/9\/revisions\/10"}],"wp:attachment":[{"href":"http:\/\/www.tuimagenweb.com.co\/blogs\/wp-json\/wp\/v2\/media?parent=9"}],"wp:term":[{"taxonomy":"category","embeddable":true,"href":"http:\/\/www.tuimagenweb.com.co\/blogs\/wp-json\/wp\/v2\/categories?post=9"},{"taxonomy":"post_tag","embeddable":true,"href":"http:\/\/www.tuimagenweb.com.co\/blogs\/wp-json\/wp\/v2\/tags?post=9"}],"curies":[{"name":"wp","href":"https:\/\/api.w.org\/{rel}","templated":true}]}}