{"id":97,"date":"2020-09-18T23:54:39","date_gmt":"2020-09-18T23:54:39","guid":{"rendered":"http:\/\/www.tuimagenweb.com.co\/blogs\/?p=97"},"modified":"2020-09-18T10:10:43","modified_gmt":"2020-09-18T10:10:43","slug":"musique-et-rencontres-en-charente-limousine","status":"publish","type":"post","link":"http:\/\/www.tuimagenweb.com.co\/blogs\/2020\/09\/18\/musique-et-rencontres-en-charente-limousine\/","title":{"rendered":"Musique Et Rencontres En Charente Limousine"},"content":{"rendered":"<p><img decoding=\"async\" src=\"http:\/\/www.authorend.tk\/upload\/photos\/577a5d541d0be_final.jpg\" alt=\"musique et rencontres en charente limousine\" align=\"left\"> Un partenariat avec Piano en Valois, festival de piano du 4 au 17 octobre 2017 Il y a presque trois si\u00e8cles, Antonio Vivaldi c\u00e9l\u00e9brait.. <img decoding=\"async\" src=\"http:\/\/v.seloger.com\/s\/width\/400\/visuels\/1\/y\/7\/p\/1y7pdptd8vc8rpe44162js947424scw2hskv7u78g.jpg\" alt=\"musique et rencontres en charente limousine\" align=\"right\">  Le dossier de candidature devra au minimum comprendre les justificatifs suivants : Se d\u00e9veloppent des pratiques marqu\u00e9es par la repr\u00e9sentation spectaculaire des airs et des danses issus des collectes ant\u00e9rieures. Les groupes quon appellera plus tard folkloriques, costum\u00e9s, affili\u00e9s ou non au F\u00e9librige, commencent \u00e0 se multiplier. Cette tendance trouve une r\u00e9sonance tr\u00e8s favorable en certaines personnalit\u00e9s au jeu m\u00e9diatique et photog\u00e9nique. LAuvergnat Martin Cayla, figure de l\u00e9dition musicale \u00e0 Paris, participe ainsi \u00e0 la notori\u00e9t\u00e9 de ces musiques dinspiration traditionnelle en contribuant \u00e0 la r\u00e9v\u00e9lation du Corr\u00e9zien Jean S\u00e9gurel, en qui les fabricants daccord\u00e9ons Maugein ont vu un tr\u00e8s bon ambassadeur. DELEGATION DE SERVICE PUBLIC SIMPLIFIE POUR LA GESTION DE LEXPLOITATION DU CENTRE TOURISTIQUE LE LAC SUR LA COMMUNE DE SAINT-MATHIEU Haute-Vienne <img decoding=\"async\" src=\"http:\/\/photos.ubiflow.net\/381437\/152952036\/photos\/1.jpg\" alt=\"musique et rencontres en charente limousine\" align=\"right\"> Dans le d\u00e9p\u00f4t des comptes afficher laide pour le d\u00e9p\u00f4t des comptes Avec Guillaume Charret \u00e0 la guitare et au chant et Bertrand Charret \u00e0 la basse et au chant De cette \u00e9poque datent des arrangements dairs traditionnels aujourdhui consacr\u00e9s comme \u00e9tant des versions de r\u00e9f\u00e9rences et aussi les premiers enregistrements de nouvelles compositions. Jean S\u00e9gurel, initialement interpr\u00e8te de morceaux traditionnels, se distingue bient\u00f4t par ses propres cr\u00e9ations, comme Bruy\u00e8res corr\u00e9ziennes. Jean Rebier \u00e9crit en langue limousine des textes de chansons qui deviennent tr\u00e8s populaires en Haute-Vienne. Si d\u00e8s les ann\u00e9es 1950 un mouvement international soucieux de relativisme culturel commence \u00e0 na\u00eetre Confolens accueille son premier Festival international de folklore en 1958, cest \u00e0 la fin des ann\u00e9es 1960 que les traditions populaires vont conna\u00eetre un premier regain dint\u00e9r\u00eat. Culmine alors le mouvement de contestation culturelle li\u00e9 au folk et protest-song nord-am\u00e9ricains. Alors que les \u00c9tats-Unis puis lEurope red\u00e9couvrent le patrimoine nord-am\u00e9ricain, blanc et noir, ce sont des anglo-saxons qui sint\u00e9ressent en premier au patrimoine musical fran\u00e7ais. Pionnier, lIrlandais Hugh Shields publie alors French folk songs from Correze. De premiers folk-clubs naissent \u00e0 Paris ou Lyon suivant le mod\u00e8le rapport\u00e9 par le britannique John Wright ; on y joue ces airs, suscitant lint\u00e9r\u00eat dune nouvelle g\u00e9n\u00e9ration. Laccord\u00e9on diatonique, parce quil rappelle la musique des Cajuns, revient en gr\u00e2ce. Avec Guillaume Coussy, Ga\u00eblle Haudebourg et Corine Sarrut, professeurs \u00e0 lEDM, Didier Nicolle, professeur au CRD Gabriel Faur\u00e9 \u00e0 Angoul\u00eame, Sylvie Lanthiome, professeure au CRI de Barbezieux, Caroline Gonin, professeure au CRI.. Marie-Claude J\u00e9zouin, Sylvie Lanthiome, Eve Mor\u00e9no, Roman Orlov et Marie-Christine Taran  Avec Beno\u00eet Guerbigny \u00e0 laccord\u00e9on, Gabriel Lenoir et Corentin Boizot-Blaise au violon.  La M\u00e9gisserie est un th\u00e9\u00e2tre ouvert douze mois sur douze qui propose une programmation artistique pluridisciplinaire : th\u00e9\u00e2tre, cin\u00e9ma, danse, musique, chanson, humour, conte, cirque, photographie. Apr\u00e8s avoir partag\u00e9 une journ\u00e9e de stage, les \u00e9l\u00e8ves des ateliers de Musiques Actuelles proposeront en live les standards de la musique pop-rock. Nos accordeurs, form\u00e9s \u00e0 P\u00e9tignac, allient comp\u00e9tence et passion, pour mieux vous accompagner.<\/p>\n","protected":false},"excerpt":{"rendered":"<p>musique et rencontres en charente limousine<\/p>\n","protected":false},"author":1,"featured_media":0,"comment_status":"closed","ping_status":"closed","sticky":false,"template":"","format":"standard","meta":{"footnotes":""},"categories":[1],"tags":[],"_links":{"self":[{"href":"http:\/\/www.tuimagenweb.com.co\/blogs\/wp-json\/wp\/v2\/posts\/97"}],"collection":[{"href":"http:\/\/www.tuimagenweb.com.co\/blogs\/wp-json\/wp\/v2\/posts"}],"about":[{"href":"http:\/\/www.tuimagenweb.com.co\/blogs\/wp-json\/wp\/v2\/types\/post"}],"author":[{"embeddable":true,"href":"http:\/\/www.tuimagenweb.com.co\/blogs\/wp-json\/wp\/v2\/users\/1"}],"replies":[{"embeddable":true,"href":"http:\/\/www.tuimagenweb.com.co\/blogs\/wp-json\/wp\/v2\/comments?post=97"}],"version-history":[{"count":1,"href":"http:\/\/www.tuimagenweb.com.co\/blogs\/wp-json\/wp\/v2\/posts\/97\/revisions"}],"predecessor-version":[{"id":98,"href":"http:\/\/www.tuimagenweb.com.co\/blogs\/wp-json\/wp\/v2\/posts\/97\/revisions\/98"}],"wp:attachment":[{"href":"http:\/\/www.tuimagenweb.com.co\/blogs\/wp-json\/wp\/v2\/media?parent=97"}],"wp:term":[{"taxonomy":"category","embeddable":true,"href":"http:\/\/www.tuimagenweb.com.co\/blogs\/wp-json\/wp\/v2\/categories?post=97"},{"taxonomy":"post_tag","embeddable":true,"href":"http:\/\/www.tuimagenweb.com.co\/blogs\/wp-json\/wp\/v2\/tags?post=97"}],"curies":[{"name":"wp","href":"https:\/\/api.w.org\/{rel}","templated":true}]}}