{"id":9724,"date":"2020-10-12T23:30:24","date_gmt":"2020-10-12T23:30:24","guid":{"rendered":"http:\/\/www.tuimagenweb.com.co\/blogs\/?p=9724"},"modified":"2020-10-09T14:29:14","modified_gmt":"2020-10-09T14:29:14","slug":"bibliotheque-lieu-de-rencontre","status":"publish","type":"post","link":"http:\/\/www.tuimagenweb.com.co\/blogs\/2020\/10\/12\/bibliotheque-lieu-de-rencontre\/","title":{"rendered":"Bibliotheque Lieu De Rencontre"},"content":{"rendered":"<p>Cette interrogation nest pas nouvelle : commenc\u00e9e il y a plusieurs mois voire plusieurs ann\u00e9es, elle se voit proposer aujourdhui un premier ensemble de r\u00e9ponses, li\u00e9e pour partie aux probl\u00e9matiques g\u00e9n\u00e9rales des biblioth\u00e8ques en 2012, li\u00e9es aussi bien \u00e9videmment au contexte lyonnais. <img decoding=\"async\" src=\"http:\/\/www.gron-en-bourgogne.fr\/img\/zoom_1402492152_hgirard.jpg\" alt=\"bibliotheque lieu de rencontre\" align=\"left\"> D\u00e9veloppement durable : audition de Didier Guillaume Sur une superficie de 360 m2, la m\u00e9diath\u00e8que-ludoth\u00e8que propose en libre acc\u00e8s environ 15 000 documents : \u00c0 travers diff\u00e9rents partenariats et \u00e9changes, je participe \u00e0 la valorisation du campus et \u00e0 lam\u00e9lioration de sa relation avec les acteurs majeurs du territoire \u00e9bro\u00efcien.  Je me pr\u00e9sente \u00e0 mon RDV et je d\u00e9pose mon sac de livres etou de DVD au POINT RETOUR, \u00e0 lentr\u00e9e de la M\u00e9diath\u00e8que Il a finalement \u00e9t\u00e9 retrouv\u00e9 en fin de journ\u00e9e, ce jeudi 11 juin, vers 17h, pr\u00e8s de Desvres. MARKO93 : Cest un formidable espace dexpression. Pouvoir partager la peinture avec un public divers et vari\u00e9 est toujours un immense plaisir! De plus le verre est un mat\u00e9riau que jaffectionne particuli\u00e8rement, car les marqueurs et pinceaux glissent dessus, cest une sensation de l\u00e9g\u00e8ret\u00e9 et de pr\u00e9cision. Cest un peu comme \u00e0 l\u00e9cole quand on \u00e9crivait sur du papier Clairefontaine Le plaisir d\u00e9crire! Clear search field Start search on the script Catalogue You are here: Bienvenue \u00e0 la Canop\u00e9e! Item details Pr\u00e9-s\u00e9lectionner des crit\u00e8res de recherche Modifier les crit\u00e8res pr\u00e9-s\u00e9lectionn\u00e9s <img decoding=\"async\" src=\"http:\/\/www.archi-actes.com\/wp-content\/gallery\/mosquee-clichy\/d.jpg\" alt=\"bibliotheque lieu de rencontre\" align=\"left\"> Une fois de plus le Cap Blanc-Nez a d\u00e9voil\u00e9 toute sa beaut\u00e9.. Dim 19 jan de 17h30 \u00e0 19h15, atelier chor\u00e9graphique avec un danseur de Julie Nioche  <img decoding=\"async\" src=\"http:\/\/ekladata.com\/v79CEKzcdO9ne2UiiS7Fe3zfnsk.jpg\" alt=\"bibliotheque lieu de rencontre\" align=\"right\"> Michel Bozon, Wilfried Rault Population et Soci\u00e9t\u00e9s Le Conseil dAdministration a adopt\u00e9 le 13 octobre 2017, le plan strat\u00e9gique 2017-2021 de lUBS. Il inscrit, parmi les 4 priorit\u00e9s th\u00e9matiques, celle de la Mer et du Littoral. Un domaine dexcellence pour lUBS qui regroupe les activit\u00e9s de la recherche, de linnovation et de la formation. Pour engager collectivement une r\u00e9flexion et des actions concr\u00e8tes, une journ\u00e9e d\u00e9changes a \u00e9t\u00e9 organis\u00e9e le mardi 12 juin \u00e0 Lorient autour de 3 axes : LUBS face aux d\u00e9fis maritimes et littoraux : \u00c9duquer, D\u00e9velopper, Partager.  La pr\u00e9sence renouvel\u00e9e de Giuseppe Penone est une \u00e9vidence, tant son \u0153uvre est un chant damour \u00e0 la beaut\u00e9 de la nature et notamment des arbres. Nous allons exposer 30 dessins in\u00e9dits ainsi que des gravures. Travail intitul\u00e9, Transcription musicale de la structure des arbres, que les visiteurs pourront retrouver dans un ouvrage sign\u00e9 Henry-Claude Cousseau. En plus de ces dessins \u00e0 la profonde po\u00e9sie, lartiste pr\u00e9sente deux grandes sculptures : Tra, un extraordinaire arbre ouvert install\u00e9 dans la Cour de la ferme, et Respirare lombra Respirer lombre non loin du ch\u00e2teau. Les poumons de feuilles de laurier en bronze de cette \u0153uvre r\u00e9sonnent incroyablement dans le contexte de la pand\u00e9mie qui nous frappe, comme une surr\u00e9aliste et douloureuse pr\u00e9monition. De mani\u00e8re g\u00e9n\u00e9rale, beaucoup d\u0153uvres pr\u00e9sent\u00e9es, cette ann\u00e9e, ont en commun cette capacit\u00e9 \u00e0 d\u00e9coder les messages secrets de la nature, \u00e0 restituer les vibrations qui \u00e9manent delle. Toile de Philippe Cogn\u00e9e, dans les galeries hautes du ch\u00e2teau. Linvit\u00e9 des Galeries hautes du ch\u00e2teau est plut\u00f4t inattendu Projection du film PAS RES NOS ARRESTA suite \u00e0 lexpulsion et \u00e0 la destruction de lAMASSADA Aveyron le 8 octobre dernier. Des membres de lAmassada seront pr\u00e9sent-e-s pour parler de cette lutte et de la Castelnau-Montratier : La m\u00e9diath\u00e8que en mode Drive Medialot.<\/p>\n","protected":false},"excerpt":{"rendered":"<p>bibliotheque lieu de rencontre<\/p>\n","protected":false},"author":1,"featured_media":0,"comment_status":"closed","ping_status":"closed","sticky":false,"template":"","format":"standard","meta":{"footnotes":""},"categories":[1],"tags":[],"_links":{"self":[{"href":"http:\/\/www.tuimagenweb.com.co\/blogs\/wp-json\/wp\/v2\/posts\/9724"}],"collection":[{"href":"http:\/\/www.tuimagenweb.com.co\/blogs\/wp-json\/wp\/v2\/posts"}],"about":[{"href":"http:\/\/www.tuimagenweb.com.co\/blogs\/wp-json\/wp\/v2\/types\/post"}],"author":[{"embeddable":true,"href":"http:\/\/www.tuimagenweb.com.co\/blogs\/wp-json\/wp\/v2\/users\/1"}],"replies":[{"embeddable":true,"href":"http:\/\/www.tuimagenweb.com.co\/blogs\/wp-json\/wp\/v2\/comments?post=9724"}],"version-history":[{"count":1,"href":"http:\/\/www.tuimagenweb.com.co\/blogs\/wp-json\/wp\/v2\/posts\/9724\/revisions"}],"predecessor-version":[{"id":9725,"href":"http:\/\/www.tuimagenweb.com.co\/blogs\/wp-json\/wp\/v2\/posts\/9724\/revisions\/9725"}],"wp:attachment":[{"href":"http:\/\/www.tuimagenweb.com.co\/blogs\/wp-json\/wp\/v2\/media?parent=9724"}],"wp:term":[{"taxonomy":"category","embeddable":true,"href":"http:\/\/www.tuimagenweb.com.co\/blogs\/wp-json\/wp\/v2\/categories?post=9724"},{"taxonomy":"post_tag","embeddable":true,"href":"http:\/\/www.tuimagenweb.com.co\/blogs\/wp-json\/wp\/v2\/tags?post=9724"}],"curies":[{"name":"wp","href":"https:\/\/api.w.org\/{rel}","templated":true}]}}