{"id":981,"date":"2020-09-20T04:22:55","date_gmt":"2020-09-20T04:22:55","guid":{"rendered":"http:\/\/www.tuimagenweb.com.co\/blogs\/?p=981"},"modified":"2020-09-19T20:24:56","modified_gmt":"2020-09-19T20:24:56","slug":"rencontres-emploi-formation-insertion","status":"publish","type":"post","link":"http:\/\/www.tuimagenweb.com.co\/blogs\/2020\/09\/20\/rencontres-emploi-formation-insertion\/","title":{"rendered":"Rencontres Emploi Formation Insertion"},"content":{"rendered":"<p>Une prestation Suivi dans lemploi pour accompagner lemployeur et le nouveau salari\u00e9, du recrutement \u00e0 la fin de la p\u00e9riode dessai, sera mise en place en 2015. Lacc\u00e8s \u00e0 lemploi et linsertion professionnelle repr\u00e9sentent un enjeu majeur qui conditionne l\u00e9quilibre social et le dynamisme du territoire. Cest pourquoi la Communaut\u00e9 dAgglom\u00e9ration de La Rochelle soutient les structures et dispositifs daccompagnement vers lemploi, en particulier pour les personnes qui en sont les plus \u00e9loign\u00e9es. Accueillera des animations en petits groupes selon diff\u00e9rentes th\u00e9matiques pratiques: logement, sant\u00e9, transport, besoin de r\u00e9paration, garde denfants, location, publication dannonces, emploi, droits etc. Pr\u00e9senter ces offres demploi et mettre en valeur aupr\u00e8s des employeurs potentiels les aptitudes et comp\u00e9tences d\u00e9tenues par les candidats BRSA Dans le cadre de laccompagnement des organismes de formation de la r\u00e9gion pour une plus grande mixit\u00e9 des formations, le CORIF d\u00e9marre un plan daction avec les organismes de formation du Transport et de la Logistique, secteurs ou les femmes sont relativement peu pr\u00e9sentes. <img decoding=\"async\" src=\"http:\/\/www.lespep28.org\/site\/e-book\/pepjournal7\/files\/assets\/mobile\/page0004_i1.png\" alt=\"rencontres emploi formation insertion\" align=\"right\"> <img decoding=\"async\" src=\"http:\/\/files.gandi.ws\/gandi59182\/image\/facultdesmtiersrennes.png\" alt=\"rencontres emploi formation insertion\" align=\"center\">-Prise en charge possible dans le cadre du Plan local pour linsertion et lemploi PLIE. Notre Forum est un v\u00e9ritable creuset de partenariats entre les acteurs dhorizons diff\u00e9rents. Les personnes nous livrent souvent combien ce rendez-vous annuel est indispensable \u00e0 leur information, au fait de ne plus se sentir seule face aux questions quelles ont pour acc\u00e9der \u00e0 lemploi conclut Lo\u00efc THOMAZET, Pr\u00e9sident dHandi-Sup Auvergne. Que vous soyez coll\u00e9giens, lyc\u00e9ens, \u00e9tudiants ou parents, cette soir\u00e9e est faite pour vous! Face \u00e0 la multitude de m\u00e9tiers et de formations, le choix de lorientation est souvent difficile et angoissant. Pour vous accompagner dans cette r\u00e9flexion, la CCI du Pays dArles organise la 7\u00e8me \u00e9dition de la Nuit de lOrientation. Une r\u00e9organisation et une clarification du contenu sont n\u00e9cessaires. Ou. Les entreprises dinsertion ical_link;N;s:8:og_title;N;s:14:og_description;N;s:8:og_image;N;s:13: A chaque Kf\u00e9 Pro une seconde partie est organis\u00e9e sous forme de petite conf\u00e9rence dune heure anim\u00e9e par un sp\u00e9cialiste RH qui d\u00e9veloppe le th\u00e8me Comment se pr\u00e9parer \u00e0 un entretien de recrutement? pour les formations BAFA La Rochette pr\u00e8s de Melun \u00c0 la veille de louverture des grands travaux concernant les r\u00e9formes de.. Interview de Marion GIVAUDAN charg\u00e9e de projet \u00e0 la mission locale du Delta et L\u00e9a ROGLIARDO qui a r\u00e9alis\u00e9 une mission de service civique de 6 mois : <img decoding=\"async\" src=\"http:\/\/www.dynamiact.com\/filemanager\/images\/actualites\/Invitation_seminaire_bilan_2012.jpeg\" alt=\"rencontres emploi formation insertion\" align=\"center\"> BAIP, site de Jacob Bellecombette : permanences ponctuelles sur rendez-vous   Votre adresse de messagerie ne sera pas publi\u00e9e. Les champs obligatoires sont indiqu\u00e9s avec Il sagit de cr\u00e9er des lieux dinformation sur diff\u00e9rentes probl\u00e9matiques : m\u00e9tiers en tension ou m\u00e9tiers m\u00e9connus, formations qui m\u00e8nent \u00e0 ces m\u00e9tiers, prise en compte des difficult\u00e9s mobilit\u00e9. Diff\u00e9rents espaces par th\u00e9matique permettant la rencontre et le partage dexp\u00e9rience sous une forme plus conviviale ecifiquescertificat-d-heredite.htm 111 chars target 0 chars active 0 integer current 0 integer spacer 0 integer icon arrayempty max depth 4 array8 items data array99 items max depth title L\u00e9galisation de signature 26 chars link https:www.ville-gennevilliers.fr145demarches-et-servicesattestations-sp  la jeunesse en favorisant la d\u00e9couverte de leurs m\u00e9tiers et lacc\u00e8s aux stages dobservation de 3e des coll\u00e9giens des quartiers de la politique de la ville ; Les Rencontres seront organis\u00e9es autour de trois espaces : ;N;s:9:starttime;N;s:7:endtime;N;s:16:extendToSubpages;N;s:8:fe_group.<\/p>\n","protected":false},"excerpt":{"rendered":"<p>rencontres emploi formation insertion<\/p>\n","protected":false},"author":1,"featured_media":0,"comment_status":"closed","ping_status":"closed","sticky":false,"template":"","format":"standard","meta":{"footnotes":""},"categories":[1],"tags":[],"_links":{"self":[{"href":"http:\/\/www.tuimagenweb.com.co\/blogs\/wp-json\/wp\/v2\/posts\/981"}],"collection":[{"href":"http:\/\/www.tuimagenweb.com.co\/blogs\/wp-json\/wp\/v2\/posts"}],"about":[{"href":"http:\/\/www.tuimagenweb.com.co\/blogs\/wp-json\/wp\/v2\/types\/post"}],"author":[{"embeddable":true,"href":"http:\/\/www.tuimagenweb.com.co\/blogs\/wp-json\/wp\/v2\/users\/1"}],"replies":[{"embeddable":true,"href":"http:\/\/www.tuimagenweb.com.co\/blogs\/wp-json\/wp\/v2\/comments?post=981"}],"version-history":[{"count":1,"href":"http:\/\/www.tuimagenweb.com.co\/blogs\/wp-json\/wp\/v2\/posts\/981\/revisions"}],"predecessor-version":[{"id":982,"href":"http:\/\/www.tuimagenweb.com.co\/blogs\/wp-json\/wp\/v2\/posts\/981\/revisions\/982"}],"wp:attachment":[{"href":"http:\/\/www.tuimagenweb.com.co\/blogs\/wp-json\/wp\/v2\/media?parent=981"}],"wp:term":[{"taxonomy":"category","embeddable":true,"href":"http:\/\/www.tuimagenweb.com.co\/blogs\/wp-json\/wp\/v2\/categories?post=981"},{"taxonomy":"post_tag","embeddable":true,"href":"http:\/\/www.tuimagenweb.com.co\/blogs\/wp-json\/wp\/v2\/tags?post=981"}],"curies":[{"name":"wp","href":"https:\/\/api.w.org\/{rel}","templated":true}]}}